{"id":22470,"date":"2026-09-03T01:17:57","date_gmt":"2026-09-03T01:17:57","guid":{"rendered":"https:\/\/elpregonerodezamora.com\/?p=22470"},"modified":"2026-09-03T01:17:57","modified_gmt":"2026-09-03T01:17:57","slug":"inicio-el-mes-de-la-patria-en-jacona","status":"publish","type":"post","link":"https:\/\/elpregonerodezamora.com\/index.php\/2026\/09\/03\/inicio-el-mes-de-la-patria-en-jacona\/","title":{"rendered":"\u00a1Inici\u00f3 el Mes de la Patria en Jacona!"},"content":{"rendered":"\n<p class=\"wp-block-paragraph\"><strong>El Presidente Isidoro Mosqueda encabez\u00f3 el acto c\u00edvico con el cual dieron por iniciadas las celebraciones de las Fiestas Patrias 2026 en Jacona, evento en el cual el edil destac\u00f3 que \u201choy, como cada 1\u00b0 de septiembre, nuestra patria se viste de colores, de historia y de orgullo. Nos reunimos para conmemorar las Fiestas Patrias en que celebramos diversas fechas y eventos de trascendencia hist\u00f3rica como el inicio de la gesta heroica que nos dio libertad, para recordar a las mujeres y hombres que, con valor y determinaci\u00f3n, entregaron su vida por un M\u00e9xico independiente y soberano\u201d.<\/strong><\/p>\n\n\n\n<p class=\"wp-block-paragraph\"><strong>El Presidente Isidoro Mosqueda concluy\u00f3 al citar que \u201ccon el coraz\u00f3n lleno de orgullo y esperanza, recordemos que la independencia se defiende todos los d\u00edas, con nuestras acciones, con nuestra honestidad y con nuestro compromiso con la naci\u00f3n y su transformaci\u00f3n\u201d.<\/strong><\/p>\n\n\n\n<p class=\"wp-block-paragraph\"><strong>Acto seguido, el Alcalde junto con el Cabildo, realiz\u00f3 la develaci\u00f3n del Bando Solemne, en el cual se puntualizan las diversas actividades que habr\u00e1 este mes, entre las cuales destacan la celebraci\u00f3n del 13 de septiembre por la defensa del Castillo de Chapultepec y la Gesta Heroica de los Ni\u00f1os H\u00e9roes; el 15 de septiembre recordando el Grito de Independencia, el 16 de septiembre con la realizaci\u00f3n del Desfile C\u00edvico-Militar; el 27 de septiembre por la culminaci\u00f3n de la Guerra de Independencia y el 30 de septiembre por el aniversario del natalicio del Siervo de la Naci\u00f3n Don Jos\u00e9 Mar\u00eda Morelos y Pav\u00f3n.<\/strong><\/p>\n\n\n\n<p class=\"wp-block-paragraph\"><a href=\"https:\/\/www.facebook.com\/hashtag\/cumpliendoconjacona?__cft__[0]=AZghzqfysUoetODRLQzy-D8qr0mBB6edpSiorH4r_qejWzCm0Ic6VF84r7lwK9DNbwIXcdsT07n1_0ag4rXeNOgwtvHCplvBQrjDQ4qb1ZKkhRH2OOEpqio97adDgRYLHC4Tlp0a0oE&amp;__tn__=*NK-R\">#CumpliendoConJacona<\/a><\/p>\n","protected":false},"excerpt":{"rendered":"<p>El Presidente Isidoro Mosqueda encabez\u00f3 el acto c\u00edvico con el cual dieron por iniciadas las celebraciones de las Fiestas Patrias 2026 en Jacona, evento en el cual el edil destac\u00f3 que \u201choy, como cada 1\u00b0 de septiembre, nuestra patria se viste de colores, de historia y de orgullo. Nos reunimos para conmemorar las Fiestas Patrias [&hellip;]<\/p>\n","protected":false},"author":2,"featured_media":22471,"comment_status":"open","ping_status":"open","sticky":false,"template":"","format":"standard","meta":{"footnotes":"","_rishi_post_view_count":10},"categories":[12],"tags":[],"class_list":["post-22470","post","type-post","status-publish","format-standard","has-post-thumbnail","hentry","category-jacona"],"comments_count":"0","_links":{"self":[{"href":"https:\/\/elpregonerodezamora.com\/index.php\/wp-json\/wp\/v2\/posts\/22470","targetHints":{"allow":["GET"]}}],"collection":[{"href":"https:\/\/elpregonerodezamora.com\/index.php\/wp-json\/wp\/v2\/posts"}],"about":[{"href":"https:\/\/elpregonerodezamora.com\/index.php\/wp-json\/wp\/v2\/types\/post"}],"author":[{"embeddable":true,"href":"https:\/\/elpregonerodezamora.com\/index.php\/wp-json\/wp\/v2\/users\/2"}],"replies":[{"embeddable":true,"href":"https:\/\/elpregonerodezamora.com\/index.php\/wp-json\/wp\/v2\/comments?post=22470"}],"version-history":[{"count":1,"href":"https:\/\/elpregonerodezamora.com\/index.php\/wp-json\/wp\/v2\/posts\/22470\/revisions"}],"predecessor-version":[{"id":22472,"href":"https:\/\/elpregonerodezamora.com\/index.php\/wp-json\/wp\/v2\/posts\/22470\/revisions\/22472"}],"wp:featuredmedia":[{"embeddable":true,"href":"https:\/\/elpregonerodezamora.com\/index.php\/wp-json\/wp\/v2\/media\/22471"}],"wp:attachment":[{"href":"https:\/\/elpregonerodezamora.com\/index.php\/wp-json\/wp\/v2\/media?parent=22470"}],"wp:term":[{"taxonomy":"category","embeddable":true,"href":"https:\/\/elpregonerodezamora.com\/index.php\/wp-json\/wp\/v2\/categories?post=22470"},{"taxonomy":"post_tag","embeddable":true,"href":"https:\/\/elpregonerodezamora.com\/index.php\/wp-json\/wp\/v2\/tags?post=22470"}],"curies":[{"name":"wp","href":"https:\/\/api.w.org\/{rel}","templated":true}]}}