{"id":22455,"date":"2026-08-31T20:05:43","date_gmt":"2026-08-31T20:05:43","guid":{"rendered":"https:\/\/elpregonerodezamora.com\/?p=22455"},"modified":"2026-08-31T20:05:44","modified_gmt":"2026-08-31T20:05:44","slug":"presentan-oficialmente-a-las-candidatas-a-reina-de-las-fiestas-patrias-tangancicuaro-2026","status":"publish","type":"post","link":"https:\/\/elpregonerodezamora.com\/index.php\/2026\/08\/31\/presentan-oficialmente-a-las-candidatas-a-reina-de-las-fiestas-patrias-tangancicuaro-2026\/","title":{"rendered":"PRESENTAN OFICIALMENTE A LAS CANDIDATAS A REINA DE LAS FIESTAS PATRIAS TANGANC\u00cdCUARO 2026"},"content":{"rendered":"\n<p class=\"wp-block-paragraph\"><strong>Redacci\u00f3n \/ El Pregonero de Zamora<\/strong><\/p>\n\n\n\n<p class=\"wp-block-paragraph\"><strong>Tanganc\u00edcuaro, Michoac\u00e1n a 31 de agosto de 2026.- Se llev\u00f3 a cabo la presentaci\u00f3n oficial de las tres candidatas a Reina de las Fiestas Patrias Tanganc\u00edcuaro 2026: Julieta Mu\u00f1oz, Janette Madrigal y Lupita Navarrete, representantes de los sectores agropecuario, comercio y charro, respectivamente.<\/strong><\/p>\n\n\n\n<p class=\"wp-block-paragraph\"><strong>Durante este evento, las aspirantes a la corona participaron en tres pasarelas, luciendo atuendos casuales, de c\u00f3ctel y vestido de noche, en las que demostraron no solo su belleza, sino tambi\u00e9n su seguridad, disciplina, preparaci\u00f3n y talento.<\/strong><\/p>\n\n\n\n<p class=\"wp-block-paragraph\"><strong>Como parte de las actividades previas al certamen, se inform\u00f3 que el pr\u00f3ximo lunes 7 de septiembre, a partir de las 5:30 de la tarde, se realizar\u00e1 la tradicional caravana de las candidatas, que recorrer\u00e1 las principales calles de la cabecera municipal.<\/strong><\/p>\n\n\n\n<p class=\"wp-block-paragraph\"><strong>La gran noche llegar\u00e1 el domingo 13 de septiembre, en punto de las 8 de la noche, en la Plaza Principal, cuando se lleve a cabo el Certamen de Coronaci\u00f3n, en el que se dar\u00e1 a conocer a quien ser\u00e1 la nueva Reina de las Fiestas Patrias Tanganc\u00edcuaro 2026.<\/strong><\/p>\n","protected":false},"excerpt":{"rendered":"<p>Redacci\u00f3n \/ El Pregonero de Zamora Tanganc\u00edcuaro, Michoac\u00e1n a 31 de agosto de 2026.- Se llev\u00f3 a cabo la presentaci\u00f3n oficial de las tres candidatas a Reina de las Fiestas Patrias Tanganc\u00edcuaro 2026: Julieta Mu\u00f1oz, Janette Madrigal y Lupita Navarrete, representantes de los sectores agropecuario, comercio y charro, respectivamente. Durante este evento, las aspirantes a [&hellip;]<\/p>\n","protected":false},"author":2,"featured_media":22456,"comment_status":"open","ping_status":"open","sticky":false,"template":"","format":"standard","meta":{"footnotes":"","_rishi_post_view_count":19},"categories":[30],"tags":[],"class_list":["post-22455","post","type-post","status-publish","format-standard","has-post-thumbnail","hentry","category-tangancicuaro"],"comments_count":"0","_links":{"self":[{"href":"https:\/\/elpregonerodezamora.com\/index.php\/wp-json\/wp\/v2\/posts\/22455","targetHints":{"allow":["GET"]}}],"collection":[{"href":"https:\/\/elpregonerodezamora.com\/index.php\/wp-json\/wp\/v2\/posts"}],"about":[{"href":"https:\/\/elpregonerodezamora.com\/index.php\/wp-json\/wp\/v2\/types\/post"}],"author":[{"embeddable":true,"href":"https:\/\/elpregonerodezamora.com\/index.php\/wp-json\/wp\/v2\/users\/2"}],"replies":[{"embeddable":true,"href":"https:\/\/elpregonerodezamora.com\/index.php\/wp-json\/wp\/v2\/comments?post=22455"}],"version-history":[{"count":1,"href":"https:\/\/elpregonerodezamora.com\/index.php\/wp-json\/wp\/v2\/posts\/22455\/revisions"}],"predecessor-version":[{"id":22457,"href":"https:\/\/elpregonerodezamora.com\/index.php\/wp-json\/wp\/v2\/posts\/22455\/revisions\/22457"}],"wp:featuredmedia":[{"embeddable":true,"href":"https:\/\/elpregonerodezamora.com\/index.php\/wp-json\/wp\/v2\/media\/22456"}],"wp:attachment":[{"href":"https:\/\/elpregonerodezamora.com\/index.php\/wp-json\/wp\/v2\/media?parent=22455"}],"wp:term":[{"taxonomy":"category","embeddable":true,"href":"https:\/\/elpregonerodezamora.com\/index.php\/wp-json\/wp\/v2\/categories?post=22455"},{"taxonomy":"post_tag","embeddable":true,"href":"https:\/\/elpregonerodezamora.com\/index.php\/wp-json\/wp\/v2\/tags?post=22455"}],"curies":[{"name":"wp","href":"https:\/\/api.w.org\/{rel}","templated":true}]}}