{"id":22449,"date":"2026-08-31T19:41:50","date_gmt":"2026-08-31T19:41:50","guid":{"rendered":"https:\/\/elpregonerodezamora.com\/?p=22449"},"modified":"2026-08-31T19:41:51","modified_gmt":"2026-08-31T19:41:51","slug":"preside-isidoro-mosqueda-inicio-de-ciclo-escolar-2026-2027-en-jacona","status":"publish","type":"post","link":"https:\/\/elpregonerodezamora.com\/index.php\/2026\/08\/31\/preside-isidoro-mosqueda-inicio-de-ciclo-escolar-2026-2027-en-jacona\/","title":{"rendered":"PRESIDE ISIDORO MOSQUEDA, INICIO DE CICLO ESCOLAR 2026-2027 EN JACONA"},"content":{"rendered":"\n<p class=\"wp-block-paragraph\"><strong>Redacci\u00f3n \/ El Pregonero de Zamora<\/strong><\/p>\n\n\n\n<p class=\"wp-block-paragraph\"><strong>Jacona, Mich., 31\/agosto\/2026.- El Presidente Isidoro Mosqueda particip\u00f3 en el acto de inicio del ciclo escolar 2026-2027, donde destac\u00f3 que autoridades gubernamentales, directivos y docentes, unen esfuerzos como cada a\u00f1o para brindar una formaci\u00f3n de calidad, lo cual es una base s\u00f3lida para la educaci\u00f3n de los peque\u00f1os. En dicho evento se cont\u00f3 con la presencia del Ing. David Alfaro Garc\u00e9s, Director General del Colegio de Bachilleres y representante del Mtro. Alfredo Ram\u00edrez Bedolla, Gobernador de Michoac\u00e1n; el Dr. Felipe Cedillo Alabarran, director de la escuela primaria \u201cMariano Matamoros\u201d sede del evento, as\u00ed como de la Lic. Mar\u00eda Santana, representante de la Secretar\u00eda de Educaci\u00f3n y del Dr. Humberto Escobedo Ram\u00edrez, supervisor escolar.<\/strong><\/p>\n\n\n\n<p class=\"wp-block-paragraph\"><strong>El titular del ejecutivo municipal Isidoro Mosqueda, en su intervenci\u00f3n, puntualiz\u00f3 que el inicio del ciclo escolar es un momento muy especial y que este periodo ser\u00e1 de gran beneficio para todos los peque\u00f1os, a la vez que les dese\u00f3 lo mejor a todos, ni\u00f1as, ni\u00f1os y j\u00f3venes y para que este ciclo escolar sea de gran impacto para sus vidas.<\/strong><\/p>\n\n\n\n<p class=\"wp-block-paragraph\"><strong>Concluy\u00f3 al hacer un reconocimiento a la labor de directivos y docentes, de los diferentes planteles y niveles educativos y les record\u00f3 que cuentan en todo momento con el apoyo del Gobierno de Jacona, para ayudar a la formaci\u00f3n de los menores. En tanto que autoridades educativas se\u00f1alaron que para este ciclo 2026-2027 se contar\u00e1 con 11 mil 430 alumnos de educaci\u00f3n b\u00e1sica, esto es, de preescolar, primaria y secundaria y 1,056 de bachillerato.<\/strong><\/p>\n","protected":false},"excerpt":{"rendered":"<p>Redacci\u00f3n \/ El Pregonero de Zamora Jacona, Mich., 31\/agosto\/2026.- El Presidente Isidoro Mosqueda particip\u00f3 en el acto de inicio del ciclo escolar 2026-2027, donde destac\u00f3 que autoridades gubernamentales, directivos y docentes, unen esfuerzos como cada a\u00f1o para brindar una formaci\u00f3n de calidad, lo cual es una base s\u00f3lida para la educaci\u00f3n de los peque\u00f1os. En [&hellip;]<\/p>\n","protected":false},"author":2,"featured_media":22450,"comment_status":"open","ping_status":"open","sticky":false,"template":"","format":"standard","meta":{"footnotes":"","_rishi_post_view_count":16},"categories":[12],"tags":[679],"class_list":["post-22449","post","type-post","status-publish","format-standard","has-post-thumbnail","hentry","category-jacona","tag-preside-isidoro-mosqueda"],"comments_count":"0","_links":{"self":[{"href":"https:\/\/elpregonerodezamora.com\/index.php\/wp-json\/wp\/v2\/posts\/22449","targetHints":{"allow":["GET"]}}],"collection":[{"href":"https:\/\/elpregonerodezamora.com\/index.php\/wp-json\/wp\/v2\/posts"}],"about":[{"href":"https:\/\/elpregonerodezamora.com\/index.php\/wp-json\/wp\/v2\/types\/post"}],"author":[{"embeddable":true,"href":"https:\/\/elpregonerodezamora.com\/index.php\/wp-json\/wp\/v2\/users\/2"}],"replies":[{"embeddable":true,"href":"https:\/\/elpregonerodezamora.com\/index.php\/wp-json\/wp\/v2\/comments?post=22449"}],"version-history":[{"count":1,"href":"https:\/\/elpregonerodezamora.com\/index.php\/wp-json\/wp\/v2\/posts\/22449\/revisions"}],"predecessor-version":[{"id":22451,"href":"https:\/\/elpregonerodezamora.com\/index.php\/wp-json\/wp\/v2\/posts\/22449\/revisions\/22451"}],"wp:featuredmedia":[{"embeddable":true,"href":"https:\/\/elpregonerodezamora.com\/index.php\/wp-json\/wp\/v2\/media\/22450"}],"wp:attachment":[{"href":"https:\/\/elpregonerodezamora.com\/index.php\/wp-json\/wp\/v2\/media?parent=22449"}],"wp:term":[{"taxonomy":"category","embeddable":true,"href":"https:\/\/elpregonerodezamora.com\/index.php\/wp-json\/wp\/v2\/categories?post=22449"},{"taxonomy":"post_tag","embeddable":true,"href":"https:\/\/elpregonerodezamora.com\/index.php\/wp-json\/wp\/v2\/tags?post=22449"}],"curies":[{"name":"wp","href":"https:\/\/api.w.org\/{rel}","templated":true}]}}