{"id":22446,"date":"2026-08-31T19:37:53","date_gmt":"2026-08-31T19:37:53","guid":{"rendered":"https:\/\/elpregonerodezamora.com\/?p=22446"},"modified":"2026-08-31T19:37:54","modified_gmt":"2026-08-31T19:37:54","slug":"hoy-regresan-a-clases-1-2-millones-de-alumnos-en-michoacan","status":"publish","type":"post","link":"https:\/\/elpregonerodezamora.com\/index.php\/2026\/08\/31\/hoy-regresan-a-clases-1-2-millones-de-alumnos-en-michoacan\/","title":{"rendered":"HOY REGRESAN A CLASES 1.2 MILLONES DE ALUMNOS EN MICHOAC\u00c1N"},"content":{"rendered":"\n<p class=\"wp-block-paragraph\" style=\"font-size:20px\"><strong>* Michoac\u00e1n inicia el ciclo escolar 2026-2027 con 185 d\u00edas de clases, m\u00e1s de 69 mil docentes y la distribuci\u00f3n de 6.4 millones de libros.<\/strong><\/p>\n\n\n\n<p class=\"wp-block-paragraph\"><strong>Redacci\u00f3n.-<\/strong><\/p>\n\n\n\n<p class=\"wp-block-paragraph\"><strong>Lunes 31\/agosto\/2026.- Un mill\u00f3n 240 mil alumnas y alumnos regresan este lunes a las aulas en Michoac\u00e1n para iniciar el ciclo escolar 2026-2027, que tendr\u00e1 185 d\u00edas efectivos de clases y con el que la administraci\u00f3n estatal buscar\u00e1 alcanzar lo que llama su \u201cquinto ciclo completo\u201d.<\/strong><\/p>\n\n\n\n<p class=\"wp-block-paragraph\"><strong>El retorno se realizar\u00e1 en m\u00e1s de 12 mil planteles distribuidos en los 113 municipios de la entidad, con una plantilla de m\u00e1s de 69 mil docentes, de acuerdo con informaci\u00f3n de la Secretar\u00eda de Educaci\u00f3n del Estado (SEE).<\/strong><\/p>\n\n\n\n<p class=\"wp-block-paragraph\"><strong>Para el arranque del nuevo ciclo, la dependencia avanz\u00f3 durante las \u00faltimas semanas en la asignaci\u00f3n de plazas docentes, principalmente para cubrir espacios vacantes en educaci\u00f3n primaria y evitar que el inicio de clases encuentre grupos sin maestro.<\/strong><\/p>\n\n\n\n<p class=\"wp-block-paragraph\"><strong>Mar\u00eda del Carmen Escobedo P\u00e9rez, subsecretaria de Educaci\u00f3n B\u00e1sica, asegur\u00f3 durante el proceso de admisi\u00f3n realizado en Morelia hace un par de semanas que este a\u00f1o la expectativa es comenzar las actividades escolares con docentes frente a los grupos desde los primeros d\u00edas.<\/strong><\/p>\n\n\n\n<p class=\"wp-block-paragraph\"><strong>\u201cArrancando el ciclo escolar no vamos a tener grupos sin maestro, porque aqu\u00ed ya tenemos a los maestros que van a atender a esos grupos\u201d, afirm\u00f3 ante aspirantes que participaron en el proceso de asignaci\u00f3n de plazas.<\/strong><\/p>\n\n\n\n<p class=\"wp-block-paragraph\"><strong>La funcionaria sostuvo que la cobertura busca evitar una de las situaciones que anteriormente derivaban en inconformidades de madres y padres de familia o de representaciones sindicales por la falta de personal frente a grupo.<\/strong><\/p>\n\n\n\n<p class=\"wp-block-paragraph\"><strong>\u201cNo tendremos m\u00e1s manifestaciones de padres de familia ni tampoco de los compa\u00f1eros de la representaci\u00f3n sindical diciendo que faltan maestros\u201d, agreg\u00f3.<\/strong><\/p>\n\n\n\n<p class=\"wp-block-paragraph\"><strong>En los d\u00edas previos al regreso a clases, la SEE inform\u00f3 de la asignaci\u00f3n de 555 claves de primaria en 72 municipios. Con estas incorporaciones, suman 6 mil 031 nuevas plazas docentes otorgadas durante la actual administraci\u00f3n estatal.<\/strong><\/p>\n\n\n\n<p class=\"wp-block-paragraph\" style=\"font-size:20px\"><strong><em>Sin paros ni interrupciones<\/em><\/strong><\/p>\n\n\n\n<p class=\"wp-block-paragraph\"><strong>Para las autoridades educativas, el inicio de este lunes tambi\u00e9n representa la continuidad del proceso de regularizaci\u00f3n del calendario escolar que, a su parecer, comenz\u00f3 al inicio de la administraci\u00f3n del gobernador Alfredo Ram\u00edrez Bedolla.<\/strong><\/p>\n\n\n\n<p class=\"wp-block-paragraph\"><strong>Escobedo P\u00e9rez argument\u00f3 que se han acumulado cuatro ciclos escolares completos de manera consecutiva y que el periodo 2026-2027 representa el quinto que buscar\u00e1n llevar en esas condiciones, sin huelgas y manifestaciones que interrumpan las clases.<\/strong><\/p>\n\n\n\n<p class=\"wp-block-paragraph\"><strong>\u201cDespu\u00e9s de cuatro a\u00f1os consecutivos de ciclos escolares completos, vamos por el quinto a\u00f1o como administraci\u00f3n, pero tambi\u00e9n hemos ido aprendiendo y hemos ido acelerando los procesos\u201d, expres\u00f3 Carmen Escobedo.<\/strong><\/p>\n\n\n\n<p class=\"wp-block-paragraph\"><strong>En el caso de las y los maestros que obtuvieron recientemente una plaza, Cynthia Mariana S\u00e1nchez Arias, directora de la Unidad Estatal del Sistema para la Carrera de las Maestras y los Maestros (Uesicamm), explic\u00f3 que los espacios corresponden a vacantes disponibles en centros educativos distribuidos en distintas regiones del estado.<\/strong><\/p>\n\n\n\n<p class=\"wp-block-paragraph\"><strong>La funcionaria destac\u00f3 que quienes ingresan al servicio educativo comienzan tambi\u00e9n una etapa en la que su trabajo tendr\u00e1 incidencia en las comunidades a las que sean asignados, al mantener contacto directo con estudiantes y sus familias.<\/strong><\/p>\n\n\n\n<p class=\"wp-block-paragraph\"><strong>Para el ciclo escolar 2026-2027, la SEE inform\u00f3 la distribuci\u00f3n de 6.4 millones de libros de texto gratuitos en Michoac\u00e1n, destinados a m\u00e1s de 935 mil estudiantes de educaci\u00f3n b\u00e1sica en alrededor de 11 mil 500 escuelas. Del total, 811 mil corresponden a preescolar, 3 millones 436 mil a primaria, un mill\u00f3n 434 mil a secundarias generales y t\u00e9cnicas, 584 mil a telesecundarias y m\u00e1s de 170 mil a educaci\u00f3n ind\u00edgena.<\/strong><\/p>\n\n\n\n<p class=\"wp-block-paragraph\"><strong>El calendario establecido por la Secretar\u00eda de Educaci\u00f3n P\u00fablica (SEP) contempla 185 d\u00edas efectivos de clases para preescolar, primaria y secundaria. Las actividades comienzan este 31 de agosto y concluir\u00e1n el 9 de julio de 2027, mientras que para las escuelas normales y dem\u00e1s instituciones dedicadas a la formaci\u00f3n docente ser\u00e1n 190 d\u00edas.<\/strong><\/p>\n\n\n\n<p class=\"wp-block-paragraph\"><strong>Durante el ciclo tambi\u00e9n se realizar\u00e1n ocho sesiones ordinarias de Consejo T\u00e9cnico Escolar y se contemplan dos periodos vacacionales (de invierno y Semana Santa, adem\u00e1s de los d\u00edas de suspensi\u00f3n de labores establecidos en el calendario nacional.<\/strong><\/p>\n\n\n\n<p class=\"wp-block-paragraph\" style=\"font-size:20px\"><strong>Menos az\u00facar, m\u00e1s aprendizaje: SEE<\/strong><\/p>\n\n\n\n<p class=\"wp-block-paragraph\"><strong>La SEE invita a las familias a optar por pr\u00e1cticas de alimentaci\u00f3n consciente ante el regreso a clases de ni\u00f1as y ni\u00f1os este lunes 31 de agosto. La titular de la dependencia, Patricia Flores Anguiano, destac\u00f3 que una lonchera con alimentos nutritivos es la mejor aliada para que las y los alumnos mantengan su concentraci\u00f3n y disfruten su jornada escolar.<\/strong><\/p>\n\n\n\n<p class=\"wp-block-paragraph\"><strong>\u201cEl compromiso con nuestras ni\u00f1as y ni\u00f1os abarca tambi\u00e9n su desarrollo integral desde las aulas y el hogar; por ello, alimentar su futuro implica ofrecerles productos naturales que protejan su salud\u201d, afirm\u00f3 la funcionaria y a\u00f1adi\u00f3 que en los planteles se refuerzan los entornos educativos para un retorno a clases seguro y pleno.<\/strong><\/p>\n\n\n\n<p class=\"wp-block-paragraph\"><strong>Como parte del programa \u201cVive Saludable, Vive Feliz\u201d, la dependencia sugiere cambiar productos ultraprocesados y bebidas azucaradas por frutas de temporada, verduras, cereales integrales y agua simple. Estas acciones contribuyen a reducir el consumo de az\u00facares refinados en los planteles, con el objetivo de consolidar el bienestar de ni\u00f1as, ni\u00f1os y j\u00f3venes.<\/strong><\/p>\n","protected":false},"excerpt":{"rendered":"<p>* Michoac\u00e1n inicia el ciclo escolar 2026-2027 con 185 d\u00edas de clases, m\u00e1s de 69 mil docentes y la distribuci\u00f3n de 6.4 millones de libros. Redacci\u00f3n.- Lunes 31\/agosto\/2026.- Un mill\u00f3n 240 mil alumnas y alumnos regresan este lunes a las aulas en Michoac\u00e1n para iniciar el ciclo escolar 2026-2027, que tendr\u00e1 185 d\u00edas efectivos de [&hellip;]<\/p>\n","protected":false},"author":2,"featured_media":22447,"comment_status":"open","ping_status":"open","sticky":false,"template":"","format":"standard","meta":{"footnotes":"","_rishi_post_view_count":17},"categories":[282,6],"tags":[],"class_list":["post-22446","post","type-post","status-publish","format-standard","has-post-thumbnail","hentry","category-educacion","category-michoacan"],"comments_count":"0","_links":{"self":[{"href":"https:\/\/elpregonerodezamora.com\/index.php\/wp-json\/wp\/v2\/posts\/22446","targetHints":{"allow":["GET"]}}],"collection":[{"href":"https:\/\/elpregonerodezamora.com\/index.php\/wp-json\/wp\/v2\/posts"}],"about":[{"href":"https:\/\/elpregonerodezamora.com\/index.php\/wp-json\/wp\/v2\/types\/post"}],"author":[{"embeddable":true,"href":"https:\/\/elpregonerodezamora.com\/index.php\/wp-json\/wp\/v2\/users\/2"}],"replies":[{"embeddable":true,"href":"https:\/\/elpregonerodezamora.com\/index.php\/wp-json\/wp\/v2\/comments?post=22446"}],"version-history":[{"count":1,"href":"https:\/\/elpregonerodezamora.com\/index.php\/wp-json\/wp\/v2\/posts\/22446\/revisions"}],"predecessor-version":[{"id":22448,"href":"https:\/\/elpregonerodezamora.com\/index.php\/wp-json\/wp\/v2\/posts\/22446\/revisions\/22448"}],"wp:featuredmedia":[{"embeddable":true,"href":"https:\/\/elpregonerodezamora.com\/index.php\/wp-json\/wp\/v2\/media\/22447"}],"wp:attachment":[{"href":"https:\/\/elpregonerodezamora.com\/index.php\/wp-json\/wp\/v2\/media?parent=22446"}],"wp:term":[{"taxonomy":"category","embeddable":true,"href":"https:\/\/elpregonerodezamora.com\/index.php\/wp-json\/wp\/v2\/categories?post=22446"},{"taxonomy":"post_tag","embeddable":true,"href":"https:\/\/elpregonerodezamora.com\/index.php\/wp-json\/wp\/v2\/tags?post=22446"}],"curies":[{"name":"wp","href":"https:\/\/api.w.org\/{rel}","templated":true}]}}