{"id":22443,"date":"2026-08-31T19:33:15","date_gmt":"2026-08-31T19:33:15","guid":{"rendered":"https:\/\/elpregonerodezamora.com\/?p=22443"},"modified":"2026-08-31T19:33:16","modified_gmt":"2026-08-31T19:33:16","slug":"develan-bando-solemne-de-las-fiestas-patrias-tangancicuaro-2026","status":"publish","type":"post","link":"https:\/\/elpregonerodezamora.com\/index.php\/2026\/08\/31\/develan-bando-solemne-de-las-fiestas-patrias-tangancicuaro-2026\/","title":{"rendered":"DEVELAN BANDO SOLEMNE DE LAS FIESTAS PATRIAS TANGANC\u00cdCUARO 2026"},"content":{"rendered":"\n<p class=\"wp-block-paragraph\" style=\"font-size:18px\"><strong><em>Tanganc\u00edcuaro, Mich., 31\/agosto\/2026.- Hoy llevamos a cabo la develaci\u00f3n de nuestro Bando Solemne \u201cFiestas Patrias Tanganc\u00edcuaro 2026\u201d, donde dimos a conocer oficialmente las actividades y eventos c\u00edvicos, art\u00edsticos y culturales que hemos preparado con mucho entusiasmo para todas las familias de nuestro municipio. <img loading=\"lazy\" decoding=\"async\" height=\"16\" width=\"16\" src=\"https:\/\/static.xx.fbcdn.net\/images\/emoji.php\/v9\/t8c\/1\/16\/1f389.png\" alt=\"\ud83c\udf89\"> Estamos listos para vivir juntos una gran celebraci\u00f3n, llena de tradici\u00f3n, identidad, m\u00fasica, cultura y orgullo por nuestras ra\u00edces.<\/em><\/strong><\/p>\n\n\n\n<p class=\"wp-block-paragraph\"><a href=\"https:\/\/www.facebook.com\/hashtag\/municipioqueinspira?__cft__[0]=AZZ4GK82WMBvlNZP-eBp4nBkv5HRci3U-E5uwv9YpLAnFEn2_SjQQ5BK_jNtN0eP0pkEZQnp6p5kEENaUKSPgaS7G0UNDPRaAln0BdLaCq_nG0TKCSEXWXuTPOEsVyUTFT2a9PQ-gSUnKc-T1dd1G3BC&amp;__tn__=*NK-R\"><strong>#MunicipioQueInspira<\/strong><\/a><\/p>\n\n\n\n<figure class=\"wp-block-embed\"><div class=\"wp-block-embed__wrapper\">\nhttps:\/\/elpregonerodezamora.com\n<\/div><\/figure>\n","protected":false},"excerpt":{"rendered":"<p>Tanganc\u00edcuaro, Mich., 31\/agosto\/2026.- Hoy llevamos a cabo la develaci\u00f3n de nuestro Bando Solemne \u201cFiestas Patrias Tanganc\u00edcuaro 2026\u201d, donde dimos a conocer oficialmente las actividades y eventos c\u00edvicos, art\u00edsticos y culturales que hemos preparado con mucho entusiasmo para todas las familias de nuestro municipio. Estamos listos para vivir juntos una gran celebraci\u00f3n, llena de tradici\u00f3n, identidad, [&hellip;]<\/p>\n","protected":false},"author":2,"featured_media":22444,"comment_status":"open","ping_status":"open","sticky":false,"template":"","format":"standard","meta":{"footnotes":"","_rishi_post_view_count":15},"categories":[30],"tags":[],"class_list":["post-22443","post","type-post","status-publish","format-standard","has-post-thumbnail","hentry","category-tangancicuaro"],"comments_count":"0","_links":{"self":[{"href":"https:\/\/elpregonerodezamora.com\/index.php\/wp-json\/wp\/v2\/posts\/22443","targetHints":{"allow":["GET"]}}],"collection":[{"href":"https:\/\/elpregonerodezamora.com\/index.php\/wp-json\/wp\/v2\/posts"}],"about":[{"href":"https:\/\/elpregonerodezamora.com\/index.php\/wp-json\/wp\/v2\/types\/post"}],"author":[{"embeddable":true,"href":"https:\/\/elpregonerodezamora.com\/index.php\/wp-json\/wp\/v2\/users\/2"}],"replies":[{"embeddable":true,"href":"https:\/\/elpregonerodezamora.com\/index.php\/wp-json\/wp\/v2\/comments?post=22443"}],"version-history":[{"count":1,"href":"https:\/\/elpregonerodezamora.com\/index.php\/wp-json\/wp\/v2\/posts\/22443\/revisions"}],"predecessor-version":[{"id":22445,"href":"https:\/\/elpregonerodezamora.com\/index.php\/wp-json\/wp\/v2\/posts\/22443\/revisions\/22445"}],"wp:featuredmedia":[{"embeddable":true,"href":"https:\/\/elpregonerodezamora.com\/index.php\/wp-json\/wp\/v2\/media\/22444"}],"wp:attachment":[{"href":"https:\/\/elpregonerodezamora.com\/index.php\/wp-json\/wp\/v2\/media?parent=22443"}],"wp:term":[{"taxonomy":"category","embeddable":true,"href":"https:\/\/elpregonerodezamora.com\/index.php\/wp-json\/wp\/v2\/categories?post=22443"},{"taxonomy":"post_tag","embeddable":true,"href":"https:\/\/elpregonerodezamora.com\/index.php\/wp-json\/wp\/v2\/tags?post=22443"}],"curies":[{"name":"wp","href":"https:\/\/api.w.org\/{rel}","templated":true}]}}