{"id":22425,"date":"2026-08-31T17:55:18","date_gmt":"2026-08-31T17:55:18","guid":{"rendered":"https:\/\/elpregonerodezamora.com\/?p=22425"},"modified":"2026-08-31T17:55:18","modified_gmt":"2026-08-31T17:55:18","slug":"se-elevan-a-682-los-decesos-y-casi-3-mil-desaparecidos-por-riadas-en-nepal-y-china","status":"publish","type":"post","link":"https:\/\/elpregonerodezamora.com\/index.php\/2026\/08\/31\/se-elevan-a-682-los-decesos-y-casi-3-mil-desaparecidos-por-riadas-en-nepal-y-china\/","title":{"rendered":"Se elevan a 682 los decesos y casi 3 mil desaparecidos por riadas en Nepal y China"},"content":{"rendered":"\n<p class=\"wp-block-paragraph\"><strong><em>Bidur, 31 de agosto de 2026, (Afp).- Los equipos de rescate en Nepal y China siguen luchando este s\u00e1bado por localizar a miles de personas luego del mort\u00edfero alud que arras\u00f3 a mitad de semana una zona fronteriza del Himalaya y engull\u00f3 pueblos enteros.<\/em><\/strong><\/p>\n\n\n\n<p class=\"wp-block-paragraph\"><strong><em>El n\u00famero de desaparecidos se elev\u00f3 casi a 3 mil personas (2 mil 426, entre ellas cientos de extranjeros, en territorio nepal\u00ed, y 556 en el lado chino), seg\u00fan las cifras oficiales de ambos pa\u00edses.<\/em><\/strong><\/p>\n\n\n\n<p class=\"wp-block-paragraph\"><strong><em>Paralelamente, ya fueron recuperados 682 cad\u00e1veres; de ellos 675 en el lado nepal\u00ed y 7 en el territorio chino del T\u00edbet, al que los periodistas extranjeros no tienen acceso en su mayor parte.<\/em><\/strong><\/p>\n\n\n\n<p class=\"wp-block-paragraph\"><strong><em>Adem\u00e1s, est\u00e1n siendo identificados siete cuerpos, que fueron hallados a decenas de kil\u00f3metros r\u00edo abajo, en el norte de India, y podr\u00edan sumarse a la lista de v\u00edctimas del desastre.<\/em><\/strong><\/p>\n\n\n\n<p class=\"wp-block-paragraph\"><strong>Los equipos de rescate trabajan en condiciones extremadamente dif\u00edciles debido al espeso lodo que cubre las zonas afectadas.<\/strong><\/p>\n\n\n\n<p class=\"wp-block-paragraph\"><strong>Kawan Koirala, miembro del Equipo de Respuesta a Desastres de Nepal, explic\u00f3 que las labores de b\u00fasqueda avanzan con dificultad.<\/strong><\/p>\n\n\n\n<p class=\"wp-block-paragraph\"><strong><em>&#8220;La gente quiere recuperar los cuerpos de sus familiares, vivos o muertos, pero no podemos encontrarlos (&#8230;) pueden ver el barro&#8221;, declar\u00f3 a la Afp visiblemente agotado tras una jornada de trabajo de 18 horas.<\/em><\/strong><\/p>\n\n\n\n<p class=\"wp-block-paragraph\"><strong><em>&#8220;Tambi\u00e9n es muy traum\u00e1tico para m\u00ed. Es la primera vez que veo algo as\u00ed. Hay barro por todas partes. Antes hab\u00edamos tenido inundaciones en Nepal, pero no como esta&#8221;, a\u00f1adi\u00f3.<\/em><\/strong><\/p>\n\n\n\n<p class=\"wp-block-paragraph\"><strong><em>El mi\u00e9rcoles, una inmensa pared de lodo atribuida al colapso de un glaciar sepult\u00f3 viviendas, derrib\u00f3 puentes y arrastr\u00f3 veh\u00edculos tanto en Nepal como en la regi\u00f3n aut\u00f3noma china del T\u00edbet.<\/em><\/strong><\/p>\n\n\n\n<p class=\"wp-block-paragraph\"><strong><em>Aunque la causa exacta del colapso no est\u00e1 clara, el cambio clim\u00e1tico est\u00e1 provocando el derretimiento de glaciares en todo el mundo, aumentando el riesgo de este tipo de desastres.<\/em><\/strong><\/p>\n\n\n\n<p class=\"wp-block-paragraph\" style=\"font-size:20px\"><strong>B\u00fasqueda desesperada de familiares<\/strong><\/p>\n\n\n\n<p class=\"wp-block-paragraph\"><strong><em>En una zona donde se desarrollan grandes proyectos de infraestructura energ\u00e9tica, la autoridad de desastres nepal\u00ed sum\u00f3 933 trabajadores a su lista de personas desaparecidas.<\/em><\/strong><\/p>\n\n\n\n<p class=\"wp-block-paragraph\"><strong><em>Esta lista ya inclu\u00eda a decenas de excursionistas y peregrinos que se dirig\u00edan al monte sagrado tibetano de Kailash.<\/em><\/strong><\/p>\n\n\n\n<p class=\"wp-block-paragraph\"><strong><em>Quienes lograron salir con vida dicen que lo han perdido todo y ahora enfrentan una espera angustiante para conocer el destino de sus seres queridos desaparecidos, as\u00ed como la perspectiva de reconstruir sus vidas desde cero.<\/em><\/strong><\/p>\n\n\n\n<p class=\"wp-block-paragraph\"><strong><em>&#8220;Todos los asentamientos cercanos al r\u00edo fueron arrasados. No queda nada&#8221;, asegur\u00f3 a la Afp el sobreviviente Buddhi Ram Dangol<\/em><\/strong>.<\/p>\n\n\n\n<p class=\"wp-block-paragraph\"><strong><em>En una base del ej\u00e9rcito en Bidur, utilizada como centro de operaciones de rescate, los familiares se agolpaban alrededor de listas de sobrevivientes pegadas en una pared.<\/em><\/strong><\/p>\n\n\n\n<p class=\"wp-block-paragraph\"><strong><em>&#8220;Vine hasta aqu\u00ed a buscar a mi hijo (&#8230;) era trabajador de la central hidroel\u00e9ctrica, pero no encuentro su nombre y las autoridades no dicen nada&#8221;, dijo Kalka Sharda.<\/em><\/strong><\/p>\n\n\n\n<p class=\"wp-block-paragraph\"><strong><em>Una de las principales misiones de rescate se concentra en una central hidroel\u00e9ctrica, donde un centenar de personas permanecen atrapadas en un t\u00fanel desde el desastre.<\/em><\/strong><\/p>\n\n\n\n<p class=\"wp-block-paragraph\"><strong><em>La oficina del primer ministro nepal\u00ed inform\u00f3 de que los equipos de emergencia hab\u00edan comenzado a &#8220;retirar lodo y escombros&#8221; para despejar la entrada al t\u00fanel y facilitar el acceso a los sobrevivientes.<\/em><\/strong><\/p>\n\n\n\n<p class=\"wp-block-paragraph\"><strong>Adem\u00e1s, una unidad india especializada en rescates en t\u00faneles lleg\u00f3 a la zona para colaborar en las operaciones.<\/strong><\/p>\n\n\n\n<p class=\"wp-block-paragraph\" style=\"font-size:20px\"><strong>Un trauma &#8220;enorme&#8221;<\/strong><\/p>\n\n\n\n<p class=\"wp-block-paragraph\"><strong><em>A la b\u00fasqueda de los desaparecidos se han sumado los temores de nuevas inundaciones en las zonas afectadas debido a la formaci\u00f3n de enormes masas de agua represadas.<\/em><\/strong><\/p>\n\n\n\n<p class=\"wp-block-paragraph\"><strong><em>Adem\u00e1s, en algunas zonas afectadas, la devastaci\u00f3n generalizada hace que se est\u00e9n agotando los suministros de comida y agua potable.<\/em><\/strong><\/p>\n\n\n\n<p class=\"wp-block-paragraph\"><strong><em>Las autoridades tambi\u00e9n indicaron que hab\u00edan evacuado a 555 turistas varados y a 499 residentes chinos de esa regi\u00f3n aut\u00f3noma.<\/em><\/strong><\/p>\n\n\n\n<p class=\"wp-block-paragraph\"><strong><em>El trauma causado por la cat\u00e1strofe es &#8220;enorme&#8221;, ya que se estima que hasta 93 mil personas pudieron resultar afectadas, asegur\u00f3 la Cruz Roja, que prev\u00e9 que el n\u00famero de muertos siga aumentando.<\/em><\/strong><\/p>\n\n\n\n<p class=\"wp-block-paragraph\" style=\"font-size:20px\"><strong>Costosa reconstrucci\u00f3n<\/strong><\/p>\n\n\n\n<p class=\"wp-block-paragraph\"><strong><em>Entre los desaparecidos en la frontera se encuentran decenas de devotos hind\u00faes de todo el mundo, ya que muchos se dirig\u00edan en peregrinaci\u00f3n al monte Kailash, en el T\u00edbet.<\/em><\/strong><\/p>\n\n\n\n<p class=\"wp-block-paragraph\"><strong><em>Sivaranjani Muthunathan viajaba en autob\u00fas con 56 personas hacia la frontera china cuando quedaron atrapados en lo que creyeron que era un atasco.<\/em><\/strong><\/p>\n\n\n\n<p class=\"wp-block-paragraph\"><strong><em>&#8220;De repente hubo niebla, humo, algo que parec\u00eda envolvernos&#8221;, cont\u00f3 Muthunathan, de 46 a\u00f1os, a la Afp el viernes.<\/em><\/strong><\/p>\n\n\n\n<p class=\"wp-block-paragraph\"><strong>Mostr\u00f3 un video que grab\u00f3 con su tel\u00e9fono en el que se ve\u00eda un torrente que se abalanzaba hacia ella.<\/strong><\/p>\n\n\n\n<p class=\"wp-block-paragraph\"><strong><em>El ministro de Relaciones Exteriores de Nepal, Shisir Khanal, estim\u00f3 que la reconstrucci\u00f3n de las regiones e infraestructuras devastada costar\u00e1 &#8220;varios miles de millones de d\u00f3lares&#8221;.<\/em><\/strong><\/p>\n","protected":false},"excerpt":{"rendered":"<p>Bidur, 31 de agosto de 2026, (Afp).- Los equipos de rescate en Nepal y China siguen luchando este s\u00e1bado por localizar a miles de personas luego del mort\u00edfero alud que arras\u00f3 a mitad de semana una zona fronteriza del Himalaya y engull\u00f3 pueblos enteros. El n\u00famero de desaparecidos se elev\u00f3 casi a 3 mil personas [&hellip;]<\/p>\n","protected":false},"author":2,"featured_media":22426,"comment_status":"open","ping_status":"open","sticky":false,"template":"","format":"standard","meta":{"footnotes":"","_rishi_post_view_count":9},"categories":[79],"tags":[],"class_list":["post-22425","post","type-post","status-publish","format-standard","has-post-thumbnail","hentry","category-tragedias"],"comments_count":"0","_links":{"self":[{"href":"https:\/\/elpregonerodezamora.com\/index.php\/wp-json\/wp\/v2\/posts\/22425","targetHints":{"allow":["GET"]}}],"collection":[{"href":"https:\/\/elpregonerodezamora.com\/index.php\/wp-json\/wp\/v2\/posts"}],"about":[{"href":"https:\/\/elpregonerodezamora.com\/index.php\/wp-json\/wp\/v2\/types\/post"}],"author":[{"embeddable":true,"href":"https:\/\/elpregonerodezamora.com\/index.php\/wp-json\/wp\/v2\/users\/2"}],"replies":[{"embeddable":true,"href":"https:\/\/elpregonerodezamora.com\/index.php\/wp-json\/wp\/v2\/comments?post=22425"}],"version-history":[{"count":1,"href":"https:\/\/elpregonerodezamora.com\/index.php\/wp-json\/wp\/v2\/posts\/22425\/revisions"}],"predecessor-version":[{"id":22427,"href":"https:\/\/elpregonerodezamora.com\/index.php\/wp-json\/wp\/v2\/posts\/22425\/revisions\/22427"}],"wp:featuredmedia":[{"embeddable":true,"href":"https:\/\/elpregonerodezamora.com\/index.php\/wp-json\/wp\/v2\/media\/22426"}],"wp:attachment":[{"href":"https:\/\/elpregonerodezamora.com\/index.php\/wp-json\/wp\/v2\/media?parent=22425"}],"wp:term":[{"taxonomy":"category","embeddable":true,"href":"https:\/\/elpregonerodezamora.com\/index.php\/wp-json\/wp\/v2\/categories?post=22425"},{"taxonomy":"post_tag","embeddable":true,"href":"https:\/\/elpregonerodezamora.com\/index.php\/wp-json\/wp\/v2\/tags?post=22425"}],"curies":[{"name":"wp","href":"https:\/\/api.w.org\/{rel}","templated":true}]}}