{"id":21917,"date":"2026-04-29T00:37:38","date_gmt":"2026-04-29T00:37:38","guid":{"rendered":"https:\/\/elpregonerodezamora.com\/?p=21917"},"modified":"2026-04-29T00:37:39","modified_gmt":"2026-04-29T00:37:39","slug":"tangancicuaro-tierra-de-historia-y-tradicion","status":"publish","type":"post","link":"https:\/\/elpregonerodezamora.com\/index.php\/2026\/04\/29\/tangancicuaro-tierra-de-historia-y-tradicion\/","title":{"rendered":"\u00a1Tanganc\u00edcuaro, tierra de historia y tradici\u00f3n!"},"content":{"rendered":"\n<p><strong>Redacci\u00f3n \/ El Pregonero TV<\/strong><\/p>\n\n\n\n<p><strong><em><img loading=\"lazy\" decoding=\"async\" height=\"16\" width=\"16\" src=\"https:\/\/static.xx.fbcdn.net\/images\/emoji.php\/v9\/tf3\/1\/16\/1f539.png\" alt=\"\ud83d\udd39\">Fue un honor para nuestro municipio ser sede de la Quincuag\u00e9sima Primera Reuni\u00f3n de la Asociaci\u00f3n de Cronistas Comunitarios por Michoac\u00e1n, <img loading=\"lazy\" decoding=\"async\" height=\"16\" width=\"16\" src=\"https:\/\/static.xx.fbcdn.net\/images\/emoji.php\/v9\/tfb\/1\/16\/1f5e3.png\" alt=\"\ud83d\udde3\ufe0f\"> un encuentro que fortalece la memoria hist\u00f3rica y el valor de nuestras ra\u00edces. Recibimos con mucho gusto a quienes, a trav\u00e9s de su trabajo y dedicaci\u00f3n, preservan la historia, las costumbres y las tradiciones de cada uno de sus municipios, dejando un legado invaluable para las futuras generaciones. <img loading=\"lazy\" decoding=\"async\" height=\"16\" width=\"16\" src=\"https:\/\/static.xx.fbcdn.net\/images\/emoji.php\/v9\/t64\/1\/16\/1f91d.png\" alt=\"\ud83e\udd1d\"> En Tanganc\u00edcuaro, siempre tendr\u00e1n las puertas abiertas; esta siempre ser\u00e1 su casa.<\/em><\/strong><\/p>\n\n\n\n<p style=\"font-size:25px\"><a href=\"https:\/\/www.facebook.com\/hashtag\/municipioqueinspira?__cft__[0]=AZbACrSQ_PNn7UFL3fHOlvMFiNvpsmpek1xuxa9XwLM_Vxhlp_hG3ID4sQq2WSUdH_vc-rXgYy9ciBplUBI6CrjxUd6peDIQRO9p1Ob7D1bcJthn8Q6AaUTGRs4QPgA7uIPuCigFpSzDGl1WGQhri4kk&amp;__tn__=*NK-R\"><strong>#MunicipioQueInspira<\/strong><\/a><\/p>\n\n\n\n<figure class=\"wp-block-embed\"><div class=\"wp-block-embed__wrapper\">\nhttps:\/\/elpregonerodezamora.com\n<\/div><\/figure>\n","protected":false},"excerpt":{"rendered":"<p>Redacci\u00f3n \/ El Pregonero TV Fue un honor para nuestro municipio ser sede de la Quincuag\u00e9sima Primera Reuni\u00f3n de la Asociaci\u00f3n de Cronistas Comunitarios por Michoac\u00e1n, un encuentro que fortalece la memoria hist\u00f3rica y el valor de nuestras ra\u00edces. Recibimos con mucho gusto a quienes, a trav\u00e9s de su trabajo y dedicaci\u00f3n, preservan la historia, [&hellip;]<\/p>\n","protected":false},"author":2,"featured_media":21918,"comment_status":"open","ping_status":"open","sticky":false,"template":"","format":"standard","meta":{"footnotes":"","_rishi_post_view_count":3},"categories":[30],"tags":[],"class_list":["post-21917","post","type-post","status-publish","format-standard","has-post-thumbnail","hentry","category-tangancicuaro"],"comments_count":"0","_links":{"self":[{"href":"https:\/\/elpregonerodezamora.com\/index.php\/wp-json\/wp\/v2\/posts\/21917","targetHints":{"allow":["GET"]}}],"collection":[{"href":"https:\/\/elpregonerodezamora.com\/index.php\/wp-json\/wp\/v2\/posts"}],"about":[{"href":"https:\/\/elpregonerodezamora.com\/index.php\/wp-json\/wp\/v2\/types\/post"}],"author":[{"embeddable":true,"href":"https:\/\/elpregonerodezamora.com\/index.php\/wp-json\/wp\/v2\/users\/2"}],"replies":[{"embeddable":true,"href":"https:\/\/elpregonerodezamora.com\/index.php\/wp-json\/wp\/v2\/comments?post=21917"}],"version-history":[{"count":1,"href":"https:\/\/elpregonerodezamora.com\/index.php\/wp-json\/wp\/v2\/posts\/21917\/revisions"}],"predecessor-version":[{"id":21919,"href":"https:\/\/elpregonerodezamora.com\/index.php\/wp-json\/wp\/v2\/posts\/21917\/revisions\/21919"}],"wp:featuredmedia":[{"embeddable":true,"href":"https:\/\/elpregonerodezamora.com\/index.php\/wp-json\/wp\/v2\/media\/21918"}],"wp:attachment":[{"href":"https:\/\/elpregonerodezamora.com\/index.php\/wp-json\/wp\/v2\/media?parent=21917"}],"wp:term":[{"taxonomy":"category","embeddable":true,"href":"https:\/\/elpregonerodezamora.com\/index.php\/wp-json\/wp\/v2\/categories?post=21917"},{"taxonomy":"post_tag","embeddable":true,"href":"https:\/\/elpregonerodezamora.com\/index.php\/wp-json\/wp\/v2\/tags?post=21917"}],"curies":[{"name":"wp","href":"https:\/\/api.w.org\/{rel}","templated":true}]}}