{"id":21914,"date":"2026-04-29T00:34:07","date_gmt":"2026-04-29T00:34:07","guid":{"rendered":"https:\/\/elpregonerodezamora.com\/?p=21914"},"modified":"2026-04-29T00:34:07","modified_gmt":"2026-04-29T00:34:07","slug":"el-presidente-isidoro-mosqueda-encabezo-el-festejo-del-dia-del-nino","status":"publish","type":"post","link":"https:\/\/elpregonerodezamora.com\/index.php\/2026\/04\/29\/el-presidente-isidoro-mosqueda-encabezo-el-festejo-del-dia-del-nino\/","title":{"rendered":"El Presidente Isidoro Mosqueda encabez\u00f3 el festejo del D\u00eda del Ni\u00f1o"},"content":{"rendered":"\n<p><strong>Jacona, Mich., 28\/abril\/2025.- En grandioso evento bien organizado y desarrollado por la Ang\u00e9lica Luna Presidenta del Sistema DIF Jacona, su equipo de trabajo y diversas \u00e1reas del Gobierno de Jacona, miles de ni\u00f1as y ni\u00f1os disfrutaron de muchos regalos, rifas, amenidades y mucha diversi\u00f3n y donde estuvieron tambi\u00e9n la S\u00edndica Eva Pimentel, las Regidoras Mar\u00eda Barriga y Gabriela Herrera; los Regidores Emmanuel Cortez y Francisco Ayala; la Directora del DIF, Luc\u00eda Carranza; funcionarios municipales y autoridades polic\u00edacas y militares.<\/strong><\/p>\n\n\n\n<p><strong>La diversi\u00f3n fue la constante en este evento en que la Unidad Deportiva &#8220;L\u00e1zaro C\u00e1rdenas&#8221;, se llen\u00f3 de alegr\u00eda y sonrisas y se sumaron esfuerzos con diversas instituciones, como fueron el SAPAJ, la Direcci\u00f3n de Seguridad P\u00fablica, la Guardia Nacional, el Ej\u00e9rcito Mexicano, la UNIVA, Farmacias Similares, Gran Chinamex, Grupo Merza y destac\u00f3 el apoyo de la Comunidad Agraria que encabeza Rub\u00e9n Alonso, quien junto con Alejandro Rodiles, tesorero y Gerardo Cruz del Consejo de Vigilancia, entregaron juguetes a Seguridad P\u00fablica para repartirlos entre los infantes.<\/strong><\/p>\n\n\n\n<p style=\"font-size:25px\"><a href=\"https:\/\/www.facebook.com\/hashtag\/contiinuanloslogrosenjacona?__cft__[0]=AZZLZr_xj9MjMEUyV29sCv848x9AJHZVfTSPgDVO0QtYnocraK69UbIq6GbUyfDTWCx5dEgKicNNul_pQV6fnmNaUdzIyLyu1nprx2Xz1sb8520Sxg2LpuxWm9klno1YCsZ9I3yK6CS5vv1fxILc6l5H&amp;__tn__=*NK-R\">#contiinuanloslogrosenjacona<\/a><\/p>\n\n\n\n<figure class=\"wp-block-embed\"><div class=\"wp-block-embed__wrapper\">\nhttps:\/\/elpregonerodezamora.com\n<\/div><\/figure>\n","protected":false},"excerpt":{"rendered":"<p>Jacona, Mich., 28\/abril\/2025.- En grandioso evento bien organizado y desarrollado por la Ang\u00e9lica Luna Presidenta del Sistema DIF Jacona, su equipo de trabajo y diversas \u00e1reas del Gobierno de Jacona, miles de ni\u00f1as y ni\u00f1os disfrutaron de muchos regalos, rifas, amenidades y mucha diversi\u00f3n y donde estuvieron tambi\u00e9n la S\u00edndica Eva Pimentel, las Regidoras Mar\u00eda [&hellip;]<\/p>\n","protected":false},"author":2,"featured_media":21915,"comment_status":"open","ping_status":"open","sticky":false,"template":"","format":"standard","meta":{"footnotes":"","_rishi_post_view_count":4},"categories":[12],"tags":[],"class_list":["post-21914","post","type-post","status-publish","format-standard","has-post-thumbnail","hentry","category-jacona"],"comments_count":"0","_links":{"self":[{"href":"https:\/\/elpregonerodezamora.com\/index.php\/wp-json\/wp\/v2\/posts\/21914","targetHints":{"allow":["GET"]}}],"collection":[{"href":"https:\/\/elpregonerodezamora.com\/index.php\/wp-json\/wp\/v2\/posts"}],"about":[{"href":"https:\/\/elpregonerodezamora.com\/index.php\/wp-json\/wp\/v2\/types\/post"}],"author":[{"embeddable":true,"href":"https:\/\/elpregonerodezamora.com\/index.php\/wp-json\/wp\/v2\/users\/2"}],"replies":[{"embeddable":true,"href":"https:\/\/elpregonerodezamora.com\/index.php\/wp-json\/wp\/v2\/comments?post=21914"}],"version-history":[{"count":1,"href":"https:\/\/elpregonerodezamora.com\/index.php\/wp-json\/wp\/v2\/posts\/21914\/revisions"}],"predecessor-version":[{"id":21916,"href":"https:\/\/elpregonerodezamora.com\/index.php\/wp-json\/wp\/v2\/posts\/21914\/revisions\/21916"}],"wp:featuredmedia":[{"embeddable":true,"href":"https:\/\/elpregonerodezamora.com\/index.php\/wp-json\/wp\/v2\/media\/21915"}],"wp:attachment":[{"href":"https:\/\/elpregonerodezamora.com\/index.php\/wp-json\/wp\/v2\/media?parent=21914"}],"wp:term":[{"taxonomy":"category","embeddable":true,"href":"https:\/\/elpregonerodezamora.com\/index.php\/wp-json\/wp\/v2\/categories?post=21914"},{"taxonomy":"post_tag","embeddable":true,"href":"https:\/\/elpregonerodezamora.com\/index.php\/wp-json\/wp\/v2\/tags?post=21914"}],"curies":[{"name":"wp","href":"https:\/\/api.w.org\/{rel}","templated":true}]}}