{"id":21911,"date":"2026-04-29T00:30:46","date_gmt":"2026-04-29T00:30:46","guid":{"rendered":"https:\/\/elpregonerodezamora.com\/?p=21911"},"modified":"2026-04-29T00:30:47","modified_gmt":"2026-04-29T00:30:47","slug":"con-el-teleferico-de-uruapan-recorre-desde-el-cielo-los-barrios-historicos-de-la-ciudad","status":"publish","type":"post","link":"https:\/\/elpregonerodezamora.com\/index.php\/2026\/04\/29\/con-el-teleferico-de-uruapan-recorre-desde-el-cielo-los-barrios-historicos-de-la-ciudad\/","title":{"rendered":"Con el telef\u00e9rico de Uruapan, recorre desde el cielo los barrios hist\u00f3ricos de la ciudad"},"content":{"rendered":"\n<p style=\"font-size:25px\"><strong>\u2022 Durante el trayecto puedes apreciar el Parque Nacional, la Huat\u00e1pera y el Barrio M\u00e1gico de San Pedro<\/strong><\/p>\n\n\n\n<p><strong><em>Uruapan, Michoac\u00e1n, 26 de abril de 2026.- Este domingo, reg\u00e1late una perspectiva diferente de Uruapan a bordo del telef\u00e9rico. M\u00e1s que un sistema de transporte, es una invitaci\u00f3n a sobrevolar la historia; disfruta de la vista espectacular del Centro Hist\u00f3rico, La Huat\u00e1pera, plazas tradicionales, el emblem\u00e1tico Parque Nacional Barranca del Cupatitzio y parte de los nueve barrios fundacionales de esta ciudad.<\/em><\/strong><\/p>\n\n\n\n<p><strong><em>Adem\u00e1s de ser un sistema de transporte de vanguardia, este proyecto impulsado por el gobernador Alfredo Ram\u00edrez Bedolla permite a visitantes y habitantes redescubrir la riqueza cultural de la ciudad bajo una nueva \u00f3ptica. Esta obra fortalece la conexi\u00f3n entre los principales puntos de inter\u00e9s y consolida a Uruapan como un destino innovador y lleno de identidad, destac\u00f3 Roberto Monroy Garc\u00eda, titular de la Secretar\u00eda de Turismo de Michoac\u00e1n (Sectur).<\/em><\/strong><\/p>\n\n\n\n<p><strong><em>El trayecto atraviesa la historia viva de la ciudad al sobrevolar los barrios originarios de San Francisco y Santo Santiago. Asimismo, la infraestructura se integra a las colindancias de San Juan Bautista, conocido como San Juan Quemado, y del tradicional barrio de San Miguel, integrando en su recorrido la esencia comunitaria que distingue a Uruapan.<\/em><\/strong><\/p>\n\n\n\n<p><strong><em>Desde las alturas, las y los visitantes podr\u00e1n apreciar elementos patrimoniales como las capillas de San Miguel y Santo Santiago, inmersas en un entorno urbano que resguarda siglos de historia. Cabe destacar que Uruapan conserva sus nueve barrios fundacionales establecidos por Fray Juan de San Miguel: La Magdalena, San Miguel, San Juan Evangelista, San Juan Bautista, Los Tres Reyes, La Sant\u00edsima Trinidad, San Francisco, Santo Santiago y San Pedro, este \u00faltimo distinguido con el nombramiento de Barrio M\u00e1gico.<\/em><\/strong><\/p>\n\n\n\n<p><strong><em>La Sectur invita a turistas y visitantes a vivir esta experiencia \u00fanica que enaltece el patrimonio cultural y natural de Uruapan. Al fortalecer la vocaci\u00f3n tur\u00edstica del destino, el recorrido ofrece una oportunidad excepcional para contemplar \u201cel alma de M\u00e9xico\u201d desde las alturas, incluyendo una vista privilegiada de la cascada G\u00f3lgota, ubicada en el interior del Parque Nacional.<\/em><\/strong><\/p>\n","protected":false},"excerpt":{"rendered":"<p>\u2022 Durante el trayecto puedes apreciar el Parque Nacional, la Huat\u00e1pera y el Barrio M\u00e1gico de San Pedro Uruapan, Michoac\u00e1n, 26 de abril de 2026.- Este domingo, reg\u00e1late una perspectiva diferente de Uruapan a bordo del telef\u00e9rico. M\u00e1s que un sistema de transporte, es una invitaci\u00f3n a sobrevolar la historia; disfruta de la vista espectacular [&hellip;]<\/p>\n","protected":false},"author":2,"featured_media":21912,"comment_status":"open","ping_status":"open","sticky":false,"template":"","format":"standard","meta":{"footnotes":"","_rishi_post_view_count":4},"categories":[6],"tags":[599],"class_list":["post-21911","post","type-post","status-publish","format-standard","has-post-thumbnail","hentry","category-michoacan","tag-con-el-teleferico-de-uruapan"],"comments_count":"0","_links":{"self":[{"href":"https:\/\/elpregonerodezamora.com\/index.php\/wp-json\/wp\/v2\/posts\/21911","targetHints":{"allow":["GET"]}}],"collection":[{"href":"https:\/\/elpregonerodezamora.com\/index.php\/wp-json\/wp\/v2\/posts"}],"about":[{"href":"https:\/\/elpregonerodezamora.com\/index.php\/wp-json\/wp\/v2\/types\/post"}],"author":[{"embeddable":true,"href":"https:\/\/elpregonerodezamora.com\/index.php\/wp-json\/wp\/v2\/users\/2"}],"replies":[{"embeddable":true,"href":"https:\/\/elpregonerodezamora.com\/index.php\/wp-json\/wp\/v2\/comments?post=21911"}],"version-history":[{"count":1,"href":"https:\/\/elpregonerodezamora.com\/index.php\/wp-json\/wp\/v2\/posts\/21911\/revisions"}],"predecessor-version":[{"id":21913,"href":"https:\/\/elpregonerodezamora.com\/index.php\/wp-json\/wp\/v2\/posts\/21911\/revisions\/21913"}],"wp:featuredmedia":[{"embeddable":true,"href":"https:\/\/elpregonerodezamora.com\/index.php\/wp-json\/wp\/v2\/media\/21912"}],"wp:attachment":[{"href":"https:\/\/elpregonerodezamora.com\/index.php\/wp-json\/wp\/v2\/media?parent=21911"}],"wp:term":[{"taxonomy":"category","embeddable":true,"href":"https:\/\/elpregonerodezamora.com\/index.php\/wp-json\/wp\/v2\/categories?post=21911"},{"taxonomy":"post_tag","embeddable":true,"href":"https:\/\/elpregonerodezamora.com\/index.php\/wp-json\/wp\/v2\/tags?post=21911"}],"curies":[{"name":"wp","href":"https:\/\/api.w.org\/{rel}","templated":true}]}}