{"id":21898,"date":"2026-04-28T01:13:35","date_gmt":"2026-04-28T01:13:35","guid":{"rendered":"https:\/\/elpregonerodezamora.com\/?p=21898"},"modified":"2026-04-28T01:13:36","modified_gmt":"2026-04-28T01:13:36","slug":"paro-y-bloqueo-de-transportistas-en-zamora-provocando-un-fuerte-caos-vial","status":"publish","type":"post","link":"https:\/\/elpregonerodezamora.com\/index.php\/2026\/04\/28\/paro-y-bloqueo-de-transportistas-en-zamora-provocando-un-fuerte-caos-vial\/","title":{"rendered":"Paro y bloqueo  de transportistas en Zamora,  provocando un fuerte caos vial"},"content":{"rendered":"\n<p>Lunes 27\/abril2026\/<strong><em>Los manifestantes protestan contra la presunta invasi\u00f3n de rutas por unidades for\u00e1neas y el &#8220;pirataje&#8221;, afectando principalmente zonas como la Avenida Ju\u00e1rez, la salida a Jacona y puntos c\u00e9ntricos, obligando a buscar alternativas<\/em><\/strong><\/p>\n\n\n\n<p><strong>Los transportistas locales exigen el alto a la operaci\u00f3n de unidades for\u00e1neas que consideran irregulares<\/strong><\/p>\n\n\n\n<p>.<\/p>\n\n\n\n<p><strong>Los bloqueos fueron en la Av. Ju\u00e1rez poniente (esquina Labastida), Av. Madero rumbo a Palo Alto y accesos principales a la ciudad, los afectados como siempre: la ciudadan\u00eda y usuarios, que reprobaron tal actitud de los transportistas.<\/strong><\/p>\n\n\n\n<p><\/p>\n","protected":false},"excerpt":{"rendered":"<p>Lunes 27\/abril2026\/Los manifestantes protestan contra la presunta invasi\u00f3n de rutas por unidades for\u00e1neas y el &#8220;pirataje&#8221;, afectando principalmente zonas como la Avenida Ju\u00e1rez, la salida a Jacona y puntos c\u00e9ntricos, obligando a buscar alternativas Los transportistas locales exigen el alto a la operaci\u00f3n de unidades for\u00e1neas que consideran irregulares . Los bloqueos fueron en la [&hellip;]<\/p>\n","protected":false},"author":2,"featured_media":21899,"comment_status":"open","ping_status":"open","sticky":false,"template":"","format":"standard","meta":{"footnotes":"","_rishi_post_view_count":14},"categories":[8],"tags":[597],"class_list":["post-21898","post","type-post","status-publish","format-standard","has-post-thumbnail","hentry","category-zamora","tag-este-lunes-se-realizo-un-paro-y-bloqueo-por-parte-de-transportistas-en-zamora"],"comments_count":"0","_links":{"self":[{"href":"https:\/\/elpregonerodezamora.com\/index.php\/wp-json\/wp\/v2\/posts\/21898","targetHints":{"allow":["GET"]}}],"collection":[{"href":"https:\/\/elpregonerodezamora.com\/index.php\/wp-json\/wp\/v2\/posts"}],"about":[{"href":"https:\/\/elpregonerodezamora.com\/index.php\/wp-json\/wp\/v2\/types\/post"}],"author":[{"embeddable":true,"href":"https:\/\/elpregonerodezamora.com\/index.php\/wp-json\/wp\/v2\/users\/2"}],"replies":[{"embeddable":true,"href":"https:\/\/elpregonerodezamora.com\/index.php\/wp-json\/wp\/v2\/comments?post=21898"}],"version-history":[{"count":1,"href":"https:\/\/elpregonerodezamora.com\/index.php\/wp-json\/wp\/v2\/posts\/21898\/revisions"}],"predecessor-version":[{"id":21900,"href":"https:\/\/elpregonerodezamora.com\/index.php\/wp-json\/wp\/v2\/posts\/21898\/revisions\/21900"}],"wp:featuredmedia":[{"embeddable":true,"href":"https:\/\/elpregonerodezamora.com\/index.php\/wp-json\/wp\/v2\/media\/21899"}],"wp:attachment":[{"href":"https:\/\/elpregonerodezamora.com\/index.php\/wp-json\/wp\/v2\/media?parent=21898"}],"wp:term":[{"taxonomy":"category","embeddable":true,"href":"https:\/\/elpregonerodezamora.com\/index.php\/wp-json\/wp\/v2\/categories?post=21898"},{"taxonomy":"post_tag","embeddable":true,"href":"https:\/\/elpregonerodezamora.com\/index.php\/wp-json\/wp\/v2\/tags?post=21898"}],"curies":[{"name":"wp","href":"https:\/\/api.w.org\/{rel}","templated":true}]}}