{"id":21889,"date":"2026-04-28T00:11:02","date_gmt":"2026-04-28T00:11:02","guid":{"rendered":"https:\/\/elpregonerodezamora.com\/?p=21889"},"modified":"2026-04-28T00:11:03","modified_gmt":"2026-04-28T00:11:03","slug":"arranca-la-semana-nacional-de-vacunacion-en-jacona","status":"publish","type":"post","link":"https:\/\/elpregonerodezamora.com\/index.php\/2026\/04\/28\/arranca-la-semana-nacional-de-vacunacion-en-jacona\/","title":{"rendered":"Arranca la Semana Nacional de Vacunaci\u00f3n en Jacona"},"content":{"rendered":"\n<p><strong>Redacci\u00f3n \/ El Pregonero TV<\/strong><\/p>\n\n\n\n<p><strong>El Gobierno de Jacona que preside el Alcalde Isidoro Mosqueda y la Secretar\u00eda de Salud por medio del Centro de Salud de Jacona, dieron el inicio a la Semana Nacional de Vacunaci\u00f3n que se llevar\u00e1 a cabo del 27 de abril al 2 de mayo, en horario de 8 de la ma\u00f1ana a 1 de la tarde, mediante la cual se impulsar\u00e1 una jornada intensiva para fortalecer coberturas y solventar esquemas incompletos de vacunaci\u00f3n.<\/strong><\/p>\n\n\n\n<p><strong>Esta acci\u00f3n lleva el lema de \u201cVacunar es Amar\u201d y es una estrategia prioritaria para prevenir, controlar y eliminar enfermedades, mediante el fortalecimiento del Programa de Vacunaci\u00f3n Universal. Las vacunas que se aplicar\u00e1n ser\u00e1n: BCG, HEPATITIS B, HEPATITIS A, HEXAVALENTE, DPT, ROTAVIRUS, NEUMOCOCICA, SRP, SR, T\u00c9TANOS, TDPA, VSR y contra el Sarampi\u00f3n; orientadas a grupos de poblaci\u00f3n en edades de reci\u00e9n nacido, de 2, 4, 6 meses, de 1 a\u00f1o, de 1 a\u00f1o y medio y de 4 a\u00f1os, de 6 a\u00f1os y mujeres embarazadas y adultos, de 6 meses a 49 a\u00f1os, de acuerdo con la vacuna que les corresponda.<\/strong><\/p>\n\n\n\n<p><strong>En el arranque de esta Semana Nacional de Vacunaci\u00f3n, estuvieron el Regidor de Salud, Desarrollo Social, Juventud y Deporte, Francisco Javier Ayala Flores; el Director del Centro de Salud de Jacona, Dr. Javier Preciado; la Directora del Centro de Salud de La Planta, Dra. Antonia Garc\u00eda; la Directora del DIF Jacona, Luc\u00eda Carranza; la Jefa de Enfermer\u00eda Carmen Garc\u00eda y el Encargado de Vacunaci\u00f3n, Jes\u00fas Zapi\u00e9n.<\/strong><\/p>\n\n\n\n<p><a href=\"https:\/\/www.facebook.com\/hashtag\/continuanloslogrosenjacona?__cft__[0]=AZYH1jKjP7HPaxhWtkNuwtmujKE3HDLdPXnfYEaF5zd5uQPv3AYk0IEwOAFzJUZfFA6uRnIb1nPimyJzWG9MLtjoQIz-L65g90vtk8pdubItcZhGCXocVfvHJpkjcJ3YFF2vZEkAJK9HfsjUiSo4_2Em_2-iqegi8tB1njrACZG3L5CNL3H6Bs-qpJbzuL6iUkQ&amp;__tn__=*NK-R\"><strong>#ContinuanLosLogrosEnJacona<\/strong><\/a><\/p>\n","protected":false},"excerpt":{"rendered":"<p>Redacci\u00f3n \/ El Pregonero TV El Gobierno de Jacona que preside el Alcalde Isidoro Mosqueda y la Secretar\u00eda de Salud por medio del Centro de Salud de Jacona, dieron el inicio a la Semana Nacional de Vacunaci\u00f3n que se llevar\u00e1 a cabo del 27 de abril al 2 de mayo, en horario de 8 de [&hellip;]<\/p>\n","protected":false},"author":2,"featured_media":21890,"comment_status":"open","ping_status":"open","sticky":false,"template":"","format":"standard","meta":{"footnotes":"","_rishi_post_view_count":15},"categories":[12],"tags":[],"class_list":["post-21889","post","type-post","status-publish","format-standard","has-post-thumbnail","hentry","category-jacona"],"comments_count":"0","_links":{"self":[{"href":"https:\/\/elpregonerodezamora.com\/index.php\/wp-json\/wp\/v2\/posts\/21889","targetHints":{"allow":["GET"]}}],"collection":[{"href":"https:\/\/elpregonerodezamora.com\/index.php\/wp-json\/wp\/v2\/posts"}],"about":[{"href":"https:\/\/elpregonerodezamora.com\/index.php\/wp-json\/wp\/v2\/types\/post"}],"author":[{"embeddable":true,"href":"https:\/\/elpregonerodezamora.com\/index.php\/wp-json\/wp\/v2\/users\/2"}],"replies":[{"embeddable":true,"href":"https:\/\/elpregonerodezamora.com\/index.php\/wp-json\/wp\/v2\/comments?post=21889"}],"version-history":[{"count":1,"href":"https:\/\/elpregonerodezamora.com\/index.php\/wp-json\/wp\/v2\/posts\/21889\/revisions"}],"predecessor-version":[{"id":21891,"href":"https:\/\/elpregonerodezamora.com\/index.php\/wp-json\/wp\/v2\/posts\/21889\/revisions\/21891"}],"wp:featuredmedia":[{"embeddable":true,"href":"https:\/\/elpregonerodezamora.com\/index.php\/wp-json\/wp\/v2\/media\/21890"}],"wp:attachment":[{"href":"https:\/\/elpregonerodezamora.com\/index.php\/wp-json\/wp\/v2\/media?parent=21889"}],"wp:term":[{"taxonomy":"category","embeddable":true,"href":"https:\/\/elpregonerodezamora.com\/index.php\/wp-json\/wp\/v2\/categories?post=21889"},{"taxonomy":"post_tag","embeddable":true,"href":"https:\/\/elpregonerodezamora.com\/index.php\/wp-json\/wp\/v2\/tags?post=21889"}],"curies":[{"name":"wp","href":"https:\/\/api.w.org\/{rel}","templated":true}]}}