{"id":21758,"date":"2026-03-18T00:53:19","date_gmt":"2026-03-18T00:53:19","guid":{"rendered":"https:\/\/elpregonerodezamora.com\/?p=21758"},"modified":"2026-03-18T00:53:20","modified_gmt":"2026-03-18T00:53:20","slug":"reencuentros-que-dan-esperanza","status":"publish","type":"post","link":"https:\/\/elpregonerodezamora.com\/index.php\/2026\/03\/18\/reencuentros-que-dan-esperanza\/","title":{"rendered":"\u00a1Reencuentros que dan esperanza!"},"content":{"rendered":"\n<p><strong><em>Tanganc\u00edcuaro, Mich., 17\/marzo\/2026.- Gracias al trabajo coordinado de nuestra Regidur\u00eda y la Direcci\u00f3n de Atenci\u00f3n al Migrante, <img loading=\"lazy\" decoding=\"async\" height=\"16\" width=\"16\" src=\"https:\/\/static.xx.fbcdn.net\/images\/emoji.php\/v9\/t64\/1\/16\/1f474_1f3fb.png\" alt=\"\ud83d\udc74\ud83c\udffb\"><img loading=\"lazy\" decoding=\"async\" height=\"16\" width=\"16\" src=\"https:\/\/static.xx.fbcdn.net\/images\/emoji.php\/v9\/t25\/1\/16\/1f475_1f3fb.png\" alt=\"\ud83d\udc75\ud83c\udffb\"> 6 adultos mayores de nuestro municipio recibieron su visa <img loading=\"lazy\" decoding=\"async\" height=\"16\" width=\"16\" src=\"https:\/\/static.xx.fbcdn.net\/images\/emoji.php\/v9\/tdd\/1\/16\/1f4b3.png\" alt=\"\ud83d\udcb3\"> y podr\u00e1n viajar a Estados Unidos para reencontrarse con sus familiares, despu\u00e9s de a\u00f1os sin verse. <img loading=\"lazy\" decoding=\"async\" height=\"16\" width=\"16\" src=\"https:\/\/static.xx.fbcdn.net\/images\/emoji.php\/v9\/t64\/1\/16\/1f91d.png\" alt=\"\ud83e\udd1d\"> Agradecemos el valioso apoyo del Secretario del Migrante en Michoac\u00e1n, Antonio Soto, con quien hemos hecho equipo para seguir transformando vidas y acercando corazones.<\/em><\/strong><\/p>\n\n\n\n<p><a href=\"https:\/\/www.facebook.com\/hashtag\/municipioqueinspira?__eep__=6&amp;__cft__[0]=AZaR6I-ctDcXuPgODKCcTgkhpTEjRO3N8IRQb3w8BzIDCvcLGjqou3StSYcVgZZGOi1Uq2cITM2ThdkIAhJSqz_UKG8lbOeeDoiiMbV0W0ufgwc9SiZMeSbWcyYdPsR8TW-LT5b_zOGr_0GfgAMvr5ux_j1ZVY5HgeDH1i0NnC6rMqecc6TMQhx43kz28BgPFfc&amp;__tn__=*NK-R\"><strong>#MunicipioQueInspira<\/strong><\/a><\/p>\n\n\n\n<p><\/p>\n","protected":false},"excerpt":{"rendered":"<p>Tanganc\u00edcuaro, Mich., 17\/marzo\/2026.- Gracias al trabajo coordinado de nuestra Regidur\u00eda y la Direcci\u00f3n de Atenci\u00f3n al Migrante, 6 adultos mayores de nuestro municipio recibieron su visa y podr\u00e1n viajar a Estados Unidos para reencontrarse con sus familiares, despu\u00e9s de a\u00f1os sin verse. Agradecemos el valioso apoyo del Secretario del Migrante en Michoac\u00e1n, Antonio Soto, con [&hellip;]<\/p>\n","protected":false},"author":2,"featured_media":21759,"comment_status":"open","ping_status":"open","sticky":false,"template":"","format":"standard","meta":{"footnotes":"","_rishi_post_view_count":72},"categories":[30],"tags":[],"class_list":["post-21758","post","type-post","status-publish","format-standard","has-post-thumbnail","hentry","category-tangancicuaro"],"comments_count":"0","_links":{"self":[{"href":"https:\/\/elpregonerodezamora.com\/index.php\/wp-json\/wp\/v2\/posts\/21758","targetHints":{"allow":["GET"]}}],"collection":[{"href":"https:\/\/elpregonerodezamora.com\/index.php\/wp-json\/wp\/v2\/posts"}],"about":[{"href":"https:\/\/elpregonerodezamora.com\/index.php\/wp-json\/wp\/v2\/types\/post"}],"author":[{"embeddable":true,"href":"https:\/\/elpregonerodezamora.com\/index.php\/wp-json\/wp\/v2\/users\/2"}],"replies":[{"embeddable":true,"href":"https:\/\/elpregonerodezamora.com\/index.php\/wp-json\/wp\/v2\/comments?post=21758"}],"version-history":[{"count":1,"href":"https:\/\/elpregonerodezamora.com\/index.php\/wp-json\/wp\/v2\/posts\/21758\/revisions"}],"predecessor-version":[{"id":21760,"href":"https:\/\/elpregonerodezamora.com\/index.php\/wp-json\/wp\/v2\/posts\/21758\/revisions\/21760"}],"wp:featuredmedia":[{"embeddable":true,"href":"https:\/\/elpregonerodezamora.com\/index.php\/wp-json\/wp\/v2\/media\/21759"}],"wp:attachment":[{"href":"https:\/\/elpregonerodezamora.com\/index.php\/wp-json\/wp\/v2\/media?parent=21758"}],"wp:term":[{"taxonomy":"category","embeddable":true,"href":"https:\/\/elpregonerodezamora.com\/index.php\/wp-json\/wp\/v2\/categories?post=21758"},{"taxonomy":"post_tag","embeddable":true,"href":"https:\/\/elpregonerodezamora.com\/index.php\/wp-json\/wp\/v2\/tags?post=21758"}],"curies":[{"name":"wp","href":"https:\/\/api.w.org\/{rel}","templated":true}]}}