{"id":21755,"date":"2026-03-18T00:49:40","date_gmt":"2026-03-18T00:49:40","guid":{"rendered":"https:\/\/elpregonerodezamora.com\/?p=21755"},"modified":"2026-03-18T00:49:41","modified_gmt":"2026-03-18T00:49:41","slug":"el-pueblo-unido-y-organizado-consolidara-la-transformacion-de-michoacan-moron","status":"publish","type":"post","link":"https:\/\/elpregonerodezamora.com\/index.php\/2026\/03\/18\/el-pueblo-unido-y-organizado-consolidara-la-transformacion-de-michoacan-moron\/","title":{"rendered":"El pueblo unido y organizado consolidar\u00e1 la transformaci\u00f3n de Michoac\u00e1n: Mor\u00f3n"},"content":{"rendered":"\n<p style=\"font-size:25px\"><strong><em>Liderazgos de todo el estado pertenecientes a la agrupaci\u00f3n Michoac\u00e1n en Movimiento cierran filas con el senador por la unidad<\/em><\/strong><\/p>\n\n\n\n<p><strong>Morelia, Mich., a 15 de marzo de 2026.- Liderazgos pol\u00edticos y sociales de todo el territorio estatal atendieron el llamado a la unidad del senador Ra\u00fal Mor\u00f3n Orozco y manifestaron un respaldo absoluto a sus esfuerzos por fortalecer la organizaci\u00f3n del pueblo bajo los principios de la Cuarta Transformaci\u00f3n.<\/strong><\/p>\n\n\n\n<p><strong>En Morelia, la organizaci\u00f3n pol\u00edtica \u201cMichoac\u00e1n en Movimiento\u201d celebr\u00f3 un evento multitudinario con el legislador michoacano como invitado especial, donde reconocieron su trayectoria y expresaron su apoyo para consolidar el crecimiento del movimiento transformador en la entidad.<\/strong><\/p>\n\n\n\n<p><strong>Ra\u00fal Mor\u00f3n inst\u00f3 a la reflexi\u00f3n sobre la importancia de estos valores ante los pr\u00f3ximos retos del pa\u00eds y el estado, tras destacar el momento hist\u00f3rico que atraviesa M\u00e9xico y convocar a un apoyo total hacia la Presidenta Claudia Sheinbaum.<\/strong><\/p>\n\n\n\n<p><strong>\u201cMichoac\u00e1n nos necesita a todos y por ello resulta fundamental la construcci\u00f3n de la unidad de su gente en cada comunidad, colonia y municipio para trabajar a favor de este movimiento\u201d, expres\u00f3 el legislador.<\/strong><\/p>\n\n\n\n<p><strong>Por su parte, el l\u00edder de Michoac\u00e1n en Movimiento, Manuel L\u00f3pez Mel\u00e9ndez, resalt\u00f3 el liderazgo del senador y le expres\u00f3 su plena confianza al refrendar la disposici\u00f3n de todo el equipo por avanzar con firmeza a su lado y al de la Presidenta.<\/strong><\/p>\n\n\n\n<p><strong>\u201cHoy el paso que damos es de gran relevancia porque ponemos esta fuerte estructura a la orden de un l\u00edder congruente, honesto y cercano a la Presidenta Claudia Sheinbaum, con el fin de que a Michoac\u00e1n llegue ese bienestar que tanto hemos deseado\u201d, sentenci\u00f3 el dirigente.<\/strong><\/p>\n\n\n\n<p><strong>En la asamblea informativa se dieron cita liderazgos pol\u00edticos y sociales de los municipios de Morelia, P\u00e1tzcuaro, Panind\u00edcuaro, Chilchota, Jos\u00e9 Sixtos Verduzco, La Piedad, Puru\u00e1ndiro, Villa Jim\u00e9nez, Angamacutiro, Venustiano Carranza, Nahuatzen, Paracho, Quer\u00e9ndaro, \u00c1lvaro Obreg\u00f3n, Zinap\u00e9cuaro y Zacapu, entre otros.<\/strong><\/p>\n","protected":false},"excerpt":{"rendered":"<p>Liderazgos de todo el estado pertenecientes a la agrupaci\u00f3n Michoac\u00e1n en Movimiento cierran filas con el senador por la unidad Morelia, Mich., a 15 de marzo de 2026.- Liderazgos pol\u00edticos y sociales de todo el territorio estatal atendieron el llamado a la unidad del senador Ra\u00fal Mor\u00f3n Orozco y manifestaron un respaldo absoluto a sus [&hellip;]<\/p>\n","protected":false},"author":2,"featured_media":21756,"comment_status":"open","ping_status":"open","sticky":false,"template":"","format":"standard","meta":{"footnotes":"","_rishi_post_view_count":67},"categories":[30],"tags":[],"class_list":["post-21755","post","type-post","status-publish","format-standard","has-post-thumbnail","hentry","category-tangancicuaro"],"comments_count":"0","_links":{"self":[{"href":"https:\/\/elpregonerodezamora.com\/index.php\/wp-json\/wp\/v2\/posts\/21755","targetHints":{"allow":["GET"]}}],"collection":[{"href":"https:\/\/elpregonerodezamora.com\/index.php\/wp-json\/wp\/v2\/posts"}],"about":[{"href":"https:\/\/elpregonerodezamora.com\/index.php\/wp-json\/wp\/v2\/types\/post"}],"author":[{"embeddable":true,"href":"https:\/\/elpregonerodezamora.com\/index.php\/wp-json\/wp\/v2\/users\/2"}],"replies":[{"embeddable":true,"href":"https:\/\/elpregonerodezamora.com\/index.php\/wp-json\/wp\/v2\/comments?post=21755"}],"version-history":[{"count":1,"href":"https:\/\/elpregonerodezamora.com\/index.php\/wp-json\/wp\/v2\/posts\/21755\/revisions"}],"predecessor-version":[{"id":21757,"href":"https:\/\/elpregonerodezamora.com\/index.php\/wp-json\/wp\/v2\/posts\/21755\/revisions\/21757"}],"wp:featuredmedia":[{"embeddable":true,"href":"https:\/\/elpregonerodezamora.com\/index.php\/wp-json\/wp\/v2\/media\/21756"}],"wp:attachment":[{"href":"https:\/\/elpregonerodezamora.com\/index.php\/wp-json\/wp\/v2\/media?parent=21755"}],"wp:term":[{"taxonomy":"category","embeddable":true,"href":"https:\/\/elpregonerodezamora.com\/index.php\/wp-json\/wp\/v2\/categories?post=21755"},{"taxonomy":"post_tag","embeddable":true,"href":"https:\/\/elpregonerodezamora.com\/index.php\/wp-json\/wp\/v2\/tags?post=21755"}],"curies":[{"name":"wp","href":"https:\/\/api.w.org\/{rel}","templated":true}]}}