{"id":21746,"date":"2026-03-12T19:16:09","date_gmt":"2026-03-12T19:16:09","guid":{"rendered":"https:\/\/elpregonerodezamora.com\/?p=21746"},"modified":"2026-03-12T19:16:10","modified_gmt":"2026-03-12T19:16:10","slug":"moron-brinda-total-apoyo-a-sheinbaum","status":"publish","type":"post","link":"https:\/\/elpregonerodezamora.com\/index.php\/2026\/03\/12\/moron-brinda-total-apoyo-a-sheinbaum\/","title":{"rendered":"Mor\u00f3n brinda total apoyo a Sheinbaum&#8230;"},"content":{"rendered":"\n<p><strong><em>Tal como lo dijo la Presidenta Claudia Sheinbaum Pardo, no podemos faltar a nuestros principios en la Cuarta Transformaci\u00f3n. Nuestra lucha es por fortalecer la democracia, por disminuir los privilegios y cumplirle al pueblo en sus demandas.<\/em><\/strong><\/p>\n\n\n\n<p><strong><em>Acompa\u00f1ar\u00e9 el Plan B que propone la Presidenta en materia electoral, que establece el fortalecimiento de la consulta popular, as\u00ed como topes m\u00e1ximos a los recursos destinados a congresos locales y al propio Senado, lo que permitir\u00e1 generar ahorros que se destinar\u00e1n a inversiones en cada municipio.<\/em><\/strong><\/p>\n\n\n\n<p><a href=\"https:\/\/www.facebook.com\/hashtag\/unidadpormichoac%C3%A1n?__eep__=6&amp;__cft__[0]=AZZa-At5tDfw063fjZCJgJsdmT7rUb4xFU1UjcXjtpawmzIW6EozzqVD4-iXM213CoMzm4URQYBDl8iLFOOenOOOQcvLn-b6xndMyiewesxahl1piTXDegkWuXAlTcsk_Ml557JDZDN2BqzTlrunoccd&amp;__tn__=*NK-R\">#unidadpoRMichoac\u00e1n<\/a><\/p>\n\n\n\n<p><a href=\"https:\/\/www.facebook.com\/hashtag\/mor%C3%B3nsenador?__eep__=6&amp;__cft__[0]=AZZa-At5tDfw063fjZCJgJsdmT7rUb4xFU1UjcXjtpawmzIW6EozzqVD4-iXM213CoMzm4URQYBDl8iLFOOenOOOQcvLn-b6xndMyiewesxahl1piTXDegkWuXAlTcsk_Ml557JDZDN2BqzTlrunoccd&amp;__tn__=*NK-R\">#Mor\u00f3nSenador<\/a><\/p>\n\n\n\n<figure class=\"wp-block-embed\"><div class=\"wp-block-embed__wrapper\">\nhttps:\/\/elpregonerodezamora.com\n<\/div><\/figure>\n","protected":false},"excerpt":{"rendered":"<p>Tal como lo dijo la Presidenta Claudia Sheinbaum Pardo, no podemos faltar a nuestros principios en la Cuarta Transformaci\u00f3n. Nuestra lucha es por fortalecer la democracia, por disminuir los privilegios y cumplirle al pueblo en sus demandas. Acompa\u00f1ar\u00e9 el Plan B que propone la Presidenta en materia electoral, que establece el fortalecimiento de la consulta [&hellip;]<\/p>\n","protected":false},"author":2,"featured_media":21747,"comment_status":"open","ping_status":"open","sticky":false,"template":"","format":"standard","meta":{"footnotes":"","_rishi_post_view_count":82},"categories":[197],"tags":[],"class_list":["post-21746","post","type-post","status-publish","format-standard","has-post-thumbnail","hentry","category-politica"],"comments_count":"0","_links":{"self":[{"href":"https:\/\/elpregonerodezamora.com\/index.php\/wp-json\/wp\/v2\/posts\/21746","targetHints":{"allow":["GET"]}}],"collection":[{"href":"https:\/\/elpregonerodezamora.com\/index.php\/wp-json\/wp\/v2\/posts"}],"about":[{"href":"https:\/\/elpregonerodezamora.com\/index.php\/wp-json\/wp\/v2\/types\/post"}],"author":[{"embeddable":true,"href":"https:\/\/elpregonerodezamora.com\/index.php\/wp-json\/wp\/v2\/users\/2"}],"replies":[{"embeddable":true,"href":"https:\/\/elpregonerodezamora.com\/index.php\/wp-json\/wp\/v2\/comments?post=21746"}],"version-history":[{"count":1,"href":"https:\/\/elpregonerodezamora.com\/index.php\/wp-json\/wp\/v2\/posts\/21746\/revisions"}],"predecessor-version":[{"id":21748,"href":"https:\/\/elpregonerodezamora.com\/index.php\/wp-json\/wp\/v2\/posts\/21746\/revisions\/21748"}],"wp:featuredmedia":[{"embeddable":true,"href":"https:\/\/elpregonerodezamora.com\/index.php\/wp-json\/wp\/v2\/media\/21747"}],"wp:attachment":[{"href":"https:\/\/elpregonerodezamora.com\/index.php\/wp-json\/wp\/v2\/media?parent=21746"}],"wp:term":[{"taxonomy":"category","embeddable":true,"href":"https:\/\/elpregonerodezamora.com\/index.php\/wp-json\/wp\/v2\/categories?post=21746"},{"taxonomy":"post_tag","embeddable":true,"href":"https:\/\/elpregonerodezamora.com\/index.php\/wp-json\/wp\/v2\/tags?post=21746"}],"curies":[{"name":"wp","href":"https:\/\/api.w.org\/{rel}","templated":true}]}}