{"id":21740,"date":"2026-03-11T23:47:42","date_gmt":"2026-03-11T23:47:42","guid":{"rendered":"https:\/\/elpregonerodezamora.com\/?p=21740"},"modified":"2026-03-11T23:47:43","modified_gmt":"2026-03-11T23:47:43","slug":"rechazan-reforma-electoral-de-sheinbaum-en-diputados-morena-anuncia-plan-b","status":"publish","type":"post","link":"https:\/\/elpregonerodezamora.com\/index.php\/2026\/03\/11\/rechazan-reforma-electoral-de-sheinbaum-en-diputados-morena-anuncia-plan-b\/","title":{"rendered":"Rechazan reforma electoral de Sheinbaum en Diputados; Morena anuncia Plan B"},"content":{"rendered":"\n<p><strong>Ciudad de M\u00e9xico, 11 de marzo de 2026<\/strong><\/p>\n\n\n\n<p><strong>Ciudad de M\u00e9xico, 11 de marzo de 2026; (La Jornada).- Por vez primera desde la llegada de la alianza Morena-PT-PVEM a la Presidencia de la Rep\u00fablica, los aliados del partido guinda rechazaron una propuesta de enmienda constitucional, al concretar su negativa a la reforma electoral de la presidenta Claudia Sheinbaum. Pese a ello, los morenistas adelantaron que este es un \u201cdesacuerdo moment\u00e1neo\u201d y que en breve comenzar\u00e1n a construir el llamado \u201cPlan B\u201d.<\/strong><\/p>\n\n\n\n<p><strong>En el marco de una sesi\u00f3n que dur\u00f3 poco m\u00e1s de dos horas, y en la que \u00fanicamente participaron los coordinadores de los diversos grupos parlamentarios, para evitar mayor crispaci\u00f3n en el debate, la iniciativa de la mandataria fue rechazada al no obtener mayor\u00eda calificada, pues tuvo 259 votos en favor &#8211;con todos los sufragios de Morena y una parte de los del Verde&#8211;, por 234 en contra, de PT, el resto del PVEM, PRI, PAN y MC. Se registr\u00f3 una abstenci\u00f3n.<\/strong><\/p>\n\n\n\n<p><strong>Tras cantarse el resultado de la votaci\u00f3n, la bancada guinda comenz\u00f3 a corear \u201cPlan B-Plan B\u201d y \u201cEs un honor estar con Claudia hoy\u201d.<\/strong><\/p>\n\n\n\n<p><strong>Al no alcanzar las dos terceras partes de los votos de los diputados, la iniciativa de la mandataria fue desechada y ya no pas\u00f3 a la etapa de la discusi\u00f3n en lo particular, donde ya se hab\u00edan inscrito m\u00faltiples reservas.<\/strong><\/p>\n\n\n\n<p><strong>El coordinador de la bancada petista en San L\u00e1zaro, Reginaldo Sandoval, puso de relieve el apego de su partido a la Cuarta Transformaci\u00f3n, pero subray\u00f3 que est\u00e1 \u201cen contra de que se instale un partido \u00fanico, hegem\u00f3nico. Sostenemos que esta ruta que se plantea ahora, no es la ruta que nos lleva a tener m\u00e1s democracia\u201d.<\/strong><\/p>\n\n\n\n<p><strong>En ese tono, a\u00f1adi\u00f3: \u201cNo tenemos duda de que nuestra posici\u00f3n es la correcta y el tiempo nos dar\u00e1 la raz\u00f3n\u201d. Durante los gobiernos de la coalici\u00f3n de mayor\u00eda, recalc\u00f3, \u201cel PT no ha fallado ninguna (reforma), por eso no acompa\u00f1ar esta para nosotros es un suceso, no es el proceso\u201d.<\/strong><\/p>\n\n\n\n<p><strong>El coordinador de Morena, Ricardo Monreal, defendi\u00f3 la reforma de Sheinbaum, aunque puntualiz\u00f3: \u201cA nuestros aliados, que hoy pueden caminar por veredas distintas, les expresamos nuestro respeto. Las coyunturas legislativas pasan, porque los procesos pol\u00edticos permanecen, el proceso de esta transformaci\u00f3n que vive M\u00e9xico es m\u00e1s profundo que cualquier desacuerdo moment\u00e1neo\u201d.<\/strong><\/p>\n\n\n\n<p><strong>A\u00f1adi\u00f3: \u201cEste desencuentro que se avizora lo respetamos. Espero que ma\u00f1ana podamos coincidir y construir mayor\u00edas calificadas e ir a elecciones juntos. Pero aprovecho el momento para destacar que este congreso ha tenido m\u00e1s votaciones un\u00e1nimes de un gran consenso y me quedo con ello\u201d.<\/strong><\/p>\n\n\n\n<p><strong>Monreal adelant\u00f3: \u201cLes anunciamos que una vez que se vote y se rechace la iniciativa, comenzaremos a construir el Plan B. \u00a1No desmayemos, no vamos a rendirnos, no vamos a claudicar!<\/strong><\/p>\n\n\n\n<p><strong>De Morena se registraron tres votos en contra, de Giselle Arellano, Santy Montemayor y Alejandra Chedraui Peralta. Aunque estaban presente en la sesi\u00f3n, y como hizo durante la discusi\u00f3n de la reforma en materia judicial, Olga S\u00e1nchez Cordero, estuvo presente en la sesi\u00f3n, pero no vot\u00f3.<\/strong><\/p>\n\n\n\n<p style=\"font-size:25px\"><strong>Faltaron dos morenistas: Jes\u00fas Jim\u00e9nez e Iv\u00e1n Pe\u00f1a Vidal.<\/strong><\/p>\n\n\n\n<p><strong>El PVEM vot\u00f3 dividido. Los legisladores que compitieron bajo las siglas de Morena en la elecci\u00f3n de 2024, pero se incorporaron a las filas de Verde en la c\u00e1mara, respaldaron el dictamen: Jos\u00e9 Bra\u00f1a Mojica, Manuel Cota, Iv\u00e1n Mar\u00edn, Mario L\u00f3pez, Anabel Acosta, Jos\u00e9 Guzm\u00e1n, Alejandro P\u00e9rez Cu\u00e9llar, Denisse Guzm\u00e1n, Marcela Silva y Blanca Hern\u00e1ndez.<\/strong><\/p>\n\n\n\n<p><strong>Adem\u00e1s, el vicepresidente de la Mesa Directiva por el Verde, Ra\u00fal Bola\u00f1os Cacho, fue la \u00fanica abstenci\u00f3n registrada en el tablero.<\/strong><\/p>\n\n\n\n<p><strong>Como hab\u00eda anticipado la bancada del PT, de sus 49 integrantes, 47 rechazaron la iniciativa en bloque. Roberto Corral Ord\u00f3\u00f1ez, sin embargo, vot\u00f3 en favor y no asisti\u00f3 a la sesi\u00f3n Jos\u00e9 Alejandro Aguilar L\u00f3pez.<\/strong><\/p>\n","protected":false},"excerpt":{"rendered":"<p>Ciudad de M\u00e9xico, 11 de marzo de 2026 Ciudad de M\u00e9xico, 11 de marzo de 2026; (La Jornada).- Por vez primera desde la llegada de la alianza Morena-PT-PVEM a la Presidencia de la Rep\u00fablica, los aliados del partido guinda rechazaron una propuesta de enmienda constitucional, al concretar su negativa a la reforma electoral de la [&hellip;]<\/p>\n","protected":false},"author":2,"featured_media":21741,"comment_status":"open","ping_status":"open","sticky":false,"template":"","format":"standard","meta":{"footnotes":"","_rishi_post_view_count":86},"categories":[27],"tags":[],"class_list":["post-21740","post","type-post","status-publish","format-standard","has-post-thumbnail","hentry","category-legislativas"],"comments_count":"0","_links":{"self":[{"href":"https:\/\/elpregonerodezamora.com\/index.php\/wp-json\/wp\/v2\/posts\/21740","targetHints":{"allow":["GET"]}}],"collection":[{"href":"https:\/\/elpregonerodezamora.com\/index.php\/wp-json\/wp\/v2\/posts"}],"about":[{"href":"https:\/\/elpregonerodezamora.com\/index.php\/wp-json\/wp\/v2\/types\/post"}],"author":[{"embeddable":true,"href":"https:\/\/elpregonerodezamora.com\/index.php\/wp-json\/wp\/v2\/users\/2"}],"replies":[{"embeddable":true,"href":"https:\/\/elpregonerodezamora.com\/index.php\/wp-json\/wp\/v2\/comments?post=21740"}],"version-history":[{"count":1,"href":"https:\/\/elpregonerodezamora.com\/index.php\/wp-json\/wp\/v2\/posts\/21740\/revisions"}],"predecessor-version":[{"id":21742,"href":"https:\/\/elpregonerodezamora.com\/index.php\/wp-json\/wp\/v2\/posts\/21740\/revisions\/21742"}],"wp:featuredmedia":[{"embeddable":true,"href":"https:\/\/elpregonerodezamora.com\/index.php\/wp-json\/wp\/v2\/media\/21741"}],"wp:attachment":[{"href":"https:\/\/elpregonerodezamora.com\/index.php\/wp-json\/wp\/v2\/media?parent=21740"}],"wp:term":[{"taxonomy":"category","embeddable":true,"href":"https:\/\/elpregonerodezamora.com\/index.php\/wp-json\/wp\/v2\/categories?post=21740"},{"taxonomy":"post_tag","embeddable":true,"href":"https:\/\/elpregonerodezamora.com\/index.php\/wp-json\/wp\/v2\/tags?post=21740"}],"curies":[{"name":"wp","href":"https:\/\/api.w.org\/{rel}","templated":true}]}}