{"id":21734,"date":"2026-03-11T23:40:38","date_gmt":"2026-03-11T23:40:38","guid":{"rendered":"https:\/\/elpregonerodezamora.com\/?p=21734"},"modified":"2026-03-11T23:40:38","modified_gmt":"2026-03-11T23:40:38","slug":"equipan-a-la-dspm-y-proteccion-civil-de-jacona","status":"publish","type":"post","link":"https:\/\/elpregonerodezamora.com\/index.php\/2026\/03\/11\/equipan-a-la-dspm-y-proteccion-civil-de-jacona\/","title":{"rendered":"Equipan a la DSPM y Protecci\u00f3n Civil de Jacona"},"content":{"rendered":"\n<p><strong>Redacci\u00f3n \/ El Pregonero TV<\/strong><\/p>\n\n\n\n<p><strong>Jacona, Mich., 11\/marzo\/2026.- El Presidente Isidoro Mosqueda realiz\u00f3 la entrega de 4 camionetas, 3 autos y 10 motocicletas, a la Direcci\u00f3n de Seguridad P\u00fablica Municipal, veh\u00edculos obtenidos gracias a las gestiones realizadas ante el Gobernador de Michoac\u00e1n Mtro. Alfredo Ram\u00edrez Bedolla, lo que permite fortalecer su funcionalidad y operatividad, para cumplir cabalmente su labor de servicio a la poblaci\u00f3n.<\/strong><\/p>\n\n\n\n<p><strong>El edil tambi\u00e9n entreg\u00f3 uniformes y equipos diversos como fueron c\u00e1maras personales, que ayudar\u00e1n a hacer m\u00e1s eficiente la labor polic\u00edaca; al tiempo que record\u00f3 que todo este esfuerzo, sumando capacidades estatales y municipales, se traduce en un mejor servicio en favor de la ciudadan\u00eda y en trabajar en pro de lograr una mayor integraci\u00f3n y sana convivencia social.<\/strong><\/p>\n\n\n\n<p><strong>Durante el acto respectivo donde se entreg\u00f3 tambi\u00e9n una dotaci\u00f3n de uniformes a elementos de la Direcci\u00f3n de Protecci\u00f3n Civil Municipal, se cont\u00f3 con la presencia de la S\u00edndica Municipal, Eva Pimentel; las Regidoras Mar\u00eda Barriga, Violeta Herrera y Gabriela Herrera; los Regidores Leonardo Paz y Emmanuel Cortez; el Director de Seguridad P\u00fabica, Cmdte. Rub\u00e9n Garc\u00eda; el Director de Protecci\u00f3n Civil, Luis Valencia; as\u00ed como el Director de Recursos Humanos, Lic. Alejandro Casta\u00f1eda Garibay.<\/strong><\/p>\n\n\n\n<p><a href=\"https:\/\/www.facebook.com\/hashtag\/continuanloslogrosenjacona?__eep__=6&amp;__cft__[0]=AZbAPDubriqGHt8_X-Dy0Fh1twe4pjcaUFTqE4SlpxvauO2ze1YcJvqPxajnFInKprMMSkafKGCuu08mjc9otFxV3aJ5YkJJhOyRCDdhcBpIHq016pHHZj3RHAUrSxFHRsvF5WWaD58VCMEBngZ02zKYA9qNWELs5Iv-Pd-bhjNOMimF3XGO6Q43KwQ1Hgt-j4s&amp;__tn__=*NK-R\">#ContinuanLosLogrosEnJacona<\/a><\/p>\n","protected":false},"excerpt":{"rendered":"<p>Redacci\u00f3n \/ El Pregonero TV Jacona, Mich., 11\/marzo\/2026.- El Presidente Isidoro Mosqueda realiz\u00f3 la entrega de 4 camionetas, 3 autos y 10 motocicletas, a la Direcci\u00f3n de Seguridad P\u00fablica Municipal, veh\u00edculos obtenidos gracias a las gestiones realizadas ante el Gobernador de Michoac\u00e1n Mtro. Alfredo Ram\u00edrez Bedolla, lo que permite fortalecer su funcionalidad y operatividad, para [&hellip;]<\/p>\n","protected":false},"author":2,"featured_media":21735,"comment_status":"open","ping_status":"open","sticky":false,"template":"","format":"standard","meta":{"footnotes":"","_rishi_post_view_count":85},"categories":[12],"tags":[],"class_list":["post-21734","post","type-post","status-publish","format-standard","has-post-thumbnail","hentry","category-jacona"],"comments_count":"0","_links":{"self":[{"href":"https:\/\/elpregonerodezamora.com\/index.php\/wp-json\/wp\/v2\/posts\/21734","targetHints":{"allow":["GET"]}}],"collection":[{"href":"https:\/\/elpregonerodezamora.com\/index.php\/wp-json\/wp\/v2\/posts"}],"about":[{"href":"https:\/\/elpregonerodezamora.com\/index.php\/wp-json\/wp\/v2\/types\/post"}],"author":[{"embeddable":true,"href":"https:\/\/elpregonerodezamora.com\/index.php\/wp-json\/wp\/v2\/users\/2"}],"replies":[{"embeddable":true,"href":"https:\/\/elpregonerodezamora.com\/index.php\/wp-json\/wp\/v2\/comments?post=21734"}],"version-history":[{"count":1,"href":"https:\/\/elpregonerodezamora.com\/index.php\/wp-json\/wp\/v2\/posts\/21734\/revisions"}],"predecessor-version":[{"id":21736,"href":"https:\/\/elpregonerodezamora.com\/index.php\/wp-json\/wp\/v2\/posts\/21734\/revisions\/21736"}],"wp:featuredmedia":[{"embeddable":true,"href":"https:\/\/elpregonerodezamora.com\/index.php\/wp-json\/wp\/v2\/media\/21735"}],"wp:attachment":[{"href":"https:\/\/elpregonerodezamora.com\/index.php\/wp-json\/wp\/v2\/media?parent=21734"}],"wp:term":[{"taxonomy":"category","embeddable":true,"href":"https:\/\/elpregonerodezamora.com\/index.php\/wp-json\/wp\/v2\/categories?post=21734"},{"taxonomy":"post_tag","embeddable":true,"href":"https:\/\/elpregonerodezamora.com\/index.php\/wp-json\/wp\/v2\/tags?post=21734"}],"curies":[{"name":"wp","href":"https:\/\/api.w.org\/{rel}","templated":true}]}}