{"id":21733,"date":"2026-03-11T23:43:44","date_gmt":"2026-03-11T23:43:44","guid":{"rendered":"https:\/\/elpregonerodezamora.com\/?p=21733"},"modified":"2026-03-11T23:43:44","modified_gmt":"2026-03-11T23:43:44","slug":"detectan-300-aviadores-en-sistema-educativo-de-michoacan","status":"publish","type":"post","link":"https:\/\/elpregonerodezamora.com\/index.php\/2026\/03\/11\/detectan-300-aviadores-en-sistema-educativo-de-michoacan\/","title":{"rendered":"Detectan 300 aviadores en sistema educativo de Michoac\u00e1n"},"content":{"rendered":"\n<p><strong>Por: Jaqueline Espinoza<\/strong><\/p>\n\n\n\n<p><strong>Morelia, 11\/marzo\/2026.- El estado de Michoac\u00e1n se posicion\u00f3 como la entidad que m\u00e1s logr\u00f3 combatir el rezago educativo a nivel nacional, de acuerdo con datos del Instituto Mexicano para la Competitividad. Las cifras se\u00f1alan que la entidad registr\u00f3 avances en la reducci\u00f3n de la deserci\u00f3n escolar, principalmente gracias a la redistribuci\u00f3n de recursos en el sistema educativo.<\/strong><\/p>\n\n\n\n<p><strong>La titular de la Secretar\u00eda de Educaci\u00f3n del Estado de Michoac\u00e1n, Gabriela Molina Aguilar, inform\u00f3 que actualmente se cuenta con un presupuesto de 2 mil 200 millones de pesos para ejercer durante este a\u00f1o, recursos que estar\u00e1n destinados a fortalecer distintos niveles educativos y programas que fomenten la permanencia de estudiantes en las aulas.<\/strong><\/p>\n\n\n\n<p><strong>Detall\u00f3 que 339 millones de pesos ser\u00e1n destinados a infraestructura educativa para nivel b\u00e1sico, mientras que 725 millones de pesos se invertir\u00e1n en el nivel superior, adem\u00e1s de impulsar programas sociales enfocados en evitar la deserci\u00f3n escolar, especialmente entre estudiantes que enfrentan condiciones econ\u00f3micas adversas.<\/strong><\/p>\n\n\n\n<p><strong>Molina Aguilar tambi\u00e9n se\u00f1al\u00f3 que dentro de las revisiones administrativas realizadas en la dependencia se detect\u00f3 la existencia de alrededor de 300 &#8220;aviadores&#8221;, es decir, personas que figuraban en la n\u00f3mina docente sin desempe\u00f1ar funciones en las aulas. Explic\u00f3 que estas irregularidades generaban un manejo ineficiente de los recursos p\u00fablicos, ya que se destinaba dinero a personal que no realizaba labores educativas, lo que afectaba la posibilidad de canalizar apoyos directamente a estudiantes y escuelas.<\/strong><\/p>\n\n\n\n<p><strong>Por su parte, el gobernador de la entidad, Alfredo Ram\u00edrez Bedolla, se\u00f1al\u00f3 que anteriormente exist\u00eda un desorden administrativo que incluso generaba observaciones millonarias por parte de la Auditor\u00eda Superior de la Federaci\u00f3n en el manejo de los recursos educativos.<\/strong><\/p>\n\n\n\n<p><strong>Alfredo Ram\u00edrez Bedolla, gobernador de Michoac\u00e1n &#8220;Michoac\u00e1n llegaba a tener hasta 600 millones de pesos observados por parte de la auditor\u00eda superior de la federaci\u00f3n, es decir, era un desorden total, se pagaba a quien no trabajaba, a quien trabajaba no se le pagaba.&#8221;<\/strong><\/p>\n","protected":false},"excerpt":{"rendered":"<p>Por: Jaqueline Espinoza Morelia, 11\/marzo\/2026.- El estado de Michoac\u00e1n se posicion\u00f3 como la entidad que m\u00e1s logr\u00f3 combatir el rezago educativo a nivel nacional, de acuerdo con datos del Instituto Mexicano para la Competitividad. Las cifras se\u00f1alan que la entidad registr\u00f3 avances en la reducci\u00f3n de la deserci\u00f3n escolar, principalmente gracias a la redistribuci\u00f3n de [&hellip;]<\/p>\n","protected":false},"author":2,"featured_media":21738,"comment_status":"open","ping_status":"open","sticky":false,"template":"","format":"standard","meta":{"footnotes":"","_rishi_post_view_count":89},"categories":[6],"tags":[],"class_list":["post-21733","post","type-post","status-publish","format-standard","has-post-thumbnail","hentry","category-michoacan"],"comments_count":"0","_links":{"self":[{"href":"https:\/\/elpregonerodezamora.com\/index.php\/wp-json\/wp\/v2\/posts\/21733","targetHints":{"allow":["GET"]}}],"collection":[{"href":"https:\/\/elpregonerodezamora.com\/index.php\/wp-json\/wp\/v2\/posts"}],"about":[{"href":"https:\/\/elpregonerodezamora.com\/index.php\/wp-json\/wp\/v2\/types\/post"}],"author":[{"embeddable":true,"href":"https:\/\/elpregonerodezamora.com\/index.php\/wp-json\/wp\/v2\/users\/2"}],"replies":[{"embeddable":true,"href":"https:\/\/elpregonerodezamora.com\/index.php\/wp-json\/wp\/v2\/comments?post=21733"}],"version-history":[{"count":1,"href":"https:\/\/elpregonerodezamora.com\/index.php\/wp-json\/wp\/v2\/posts\/21733\/revisions"}],"predecessor-version":[{"id":21739,"href":"https:\/\/elpregonerodezamora.com\/index.php\/wp-json\/wp\/v2\/posts\/21733\/revisions\/21739"}],"wp:featuredmedia":[{"embeddable":true,"href":"https:\/\/elpregonerodezamora.com\/index.php\/wp-json\/wp\/v2\/media\/21738"}],"wp:attachment":[{"href":"https:\/\/elpregonerodezamora.com\/index.php\/wp-json\/wp\/v2\/media?parent=21733"}],"wp:term":[{"taxonomy":"category","embeddable":true,"href":"https:\/\/elpregonerodezamora.com\/index.php\/wp-json\/wp\/v2\/categories?post=21733"},{"taxonomy":"post_tag","embeddable":true,"href":"https:\/\/elpregonerodezamora.com\/index.php\/wp-json\/wp\/v2\/tags?post=21733"}],"curies":[{"name":"wp","href":"https:\/\/api.w.org\/{rel}","templated":true}]}}