{"id":21727,"date":"2026-03-11T23:32:51","date_gmt":"2026-03-11T23:32:51","guid":{"rendered":"https:\/\/elpregonerodezamora.com\/?p=21727"},"modified":"2026-03-11T23:32:52","modified_gmt":"2026-03-11T23:32:52","slug":"malagon-portero-del-america-se-lesiona-y-es-duda-para-estar-en-el-mundial-con-el-tri","status":"publish","type":"post","link":"https:\/\/elpregonerodezamora.com\/index.php\/2026\/03\/11\/malagon-portero-del-america-se-lesiona-y-es-duda-para-estar-en-el-mundial-con-el-tri\/","title":{"rendered":"Malag\u00f3n, portero del Am\u00e9rica, se lesiona y es duda para estar en el Mundial con el Tri"},"content":{"rendered":"\n<p style=\"font-size:25px\"><strong><em>* La lesi\u00f3n de Malag\u00f3n, que se teme sea una rotura del tend\u00f3n de Aquiles, ocurri\u00f3 en la ida de los octavos de final contra Philadelphia Union, de la Major League Soccer.<\/em><\/strong><\/p>\n\n\n\n<p><strong>Chester, Pensilvania, 11\/marzo\/2028.- Luis \u00c1ngel Malag\u00f3n, guardameta del Am\u00e9rica y de la selecci\u00f3n mexicana de f\u00fatbol, se lesion\u00f3 este martes en la victoria de su equipo por 0-1 sobre el Philadelphia Union, en la Copa de Campeones de la Concacaf, y puso en duda su participaci\u00f3n en el Mundial 2026.<\/strong><\/p>\n\n\n\n<p><strong>&#8220;En relaci\u00f3n con la salida del campo por lesi\u00f3n de Luis \u00c1ngel Malag\u00f3n, el Club Am\u00e9rica informa que nuestro guardameta ser\u00e1 sometido en M\u00e9xico a los estudios necesarios para determinar su situaci\u00f3n m\u00e9dica&#8221;, explic\u00f3 el equipo en un comunicado.<\/strong><\/p>\n\n\n\n<p><strong>La lesi\u00f3n de Luis \u00c1ngel Malag\u00f3n, que se teme sea una rotura del tend\u00f3n de Aquiles, ocurri\u00f3 en la parte final del primer tiempo del partido de ida de los octavos de final en el que las \u00c1guilas vencieron al Philadelphia Union de la Major League Soccer.<\/strong><\/p>\n\n\n\n<p><strong>Sucedi\u00f3 en una jugada sin contacto, en la que el portero se preparaba para hacer un despeje desde su \u00e1rea chica, pero al momento de intentar pegarle al bal\u00f3n con la derecha, su pierna izquierda se dobl\u00f3; Malag\u00f3n cay\u00f3 al c\u00e9sped y de inmediato se llev\u00f3 la mano a la zona del tobillo, mientras se retorc\u00eda de dolor.<\/strong><\/p>\n\n\n\n<p><strong><em>El guardameta fue llevado de inmediato a los vestuarios.<\/em><\/strong><\/p>\n\n\n\n<p><strong>A pesar de su bajo nivel en los meses recientes, Malag\u00f3n se perfilaba como el favorito del seleccionador Javier &#8216;Vasco&#8217; Aguirre para ser el titular de M\u00e9xico en el Mundial que arranca el pr\u00f3ximo 11 de junio por encima de Ra\u00fal Rangel, portero del Guadalajara.<\/strong><\/p>\n\n\n\n<p><strong>La baja de Malag\u00f3n alarga la epidemia de lesiones de los jugadores estelares del Tri que han complicado el armado de la lista final que &#8216;el Vasco&#8217; conformar\u00e1 para la justa mundialista.<\/strong><\/p>\n\n\n\n<p><strong>Entre los que presentan lesiones est\u00e1n Edson \u00c1lvarez, del Fenerbahce turco, operado del tobillo; Luis Ch\u00e1vez, del Dinamo de Mosc\u00fa, quien se recupera de una rotura de ligamentos; Rodrigo Huescas, del Copenhague dan\u00e9s, tambi\u00e9n con rotura de ligamentos.<\/strong><\/p>\n\n\n\n<p><strong>Santiago Gim\u00e9nez, quien acaba de volver a los entrenamientos con el Milan; y la joya juvenil Gilberto Mora, del Tijuana, que presenta una pubalgia.<\/strong><\/p>\n\n\n\n<p><strong>Tambi\u00e9n est\u00e1n en recuperaci\u00f3n Alexis Vega, del Toluca, y C\u00e9sar Huerta, del Anderlecht belga.<\/strong><\/p>\n","protected":false},"excerpt":{"rendered":"<p>* La lesi\u00f3n de Malag\u00f3n, que se teme sea una rotura del tend\u00f3n de Aquiles, ocurri\u00f3 en la ida de los octavos de final contra Philadelphia Union, de la Major League Soccer. Chester, Pensilvania, 11\/marzo\/2028.- Luis \u00c1ngel Malag\u00f3n, guardameta del Am\u00e9rica y de la selecci\u00f3n mexicana de f\u00fatbol, se lesion\u00f3 este martes en la victoria [&hellip;]<\/p>\n","protected":false},"author":2,"featured_media":21728,"comment_status":"open","ping_status":"open","sticky":false,"template":"","format":"standard","meta":{"footnotes":"","_rishi_post_view_count":78},"categories":[3],"tags":[592,593],"class_list":["post-21727","post","type-post","status-publish","format-standard","has-post-thumbnail","hentry","category-deportes","tag-malagon","tag-portero-del-america"],"comments_count":"0","_links":{"self":[{"href":"https:\/\/elpregonerodezamora.com\/index.php\/wp-json\/wp\/v2\/posts\/21727","targetHints":{"allow":["GET"]}}],"collection":[{"href":"https:\/\/elpregonerodezamora.com\/index.php\/wp-json\/wp\/v2\/posts"}],"about":[{"href":"https:\/\/elpregonerodezamora.com\/index.php\/wp-json\/wp\/v2\/types\/post"}],"author":[{"embeddable":true,"href":"https:\/\/elpregonerodezamora.com\/index.php\/wp-json\/wp\/v2\/users\/2"}],"replies":[{"embeddable":true,"href":"https:\/\/elpregonerodezamora.com\/index.php\/wp-json\/wp\/v2\/comments?post=21727"}],"version-history":[{"count":1,"href":"https:\/\/elpregonerodezamora.com\/index.php\/wp-json\/wp\/v2\/posts\/21727\/revisions"}],"predecessor-version":[{"id":21729,"href":"https:\/\/elpregonerodezamora.com\/index.php\/wp-json\/wp\/v2\/posts\/21727\/revisions\/21729"}],"wp:featuredmedia":[{"embeddable":true,"href":"https:\/\/elpregonerodezamora.com\/index.php\/wp-json\/wp\/v2\/media\/21728"}],"wp:attachment":[{"href":"https:\/\/elpregonerodezamora.com\/index.php\/wp-json\/wp\/v2\/media?parent=21727"}],"wp:term":[{"taxonomy":"category","embeddable":true,"href":"https:\/\/elpregonerodezamora.com\/index.php\/wp-json\/wp\/v2\/categories?post=21727"},{"taxonomy":"post_tag","embeddable":true,"href":"https:\/\/elpregonerodezamora.com\/index.php\/wp-json\/wp\/v2\/tags?post=21727"}],"curies":[{"name":"wp","href":"https:\/\/api.w.org\/{rel}","templated":true}]}}