{"id":21720,"date":"2026-03-11T00:04:07","date_gmt":"2026-03-11T00:04:07","guid":{"rendered":"https:\/\/elpregonerodezamora.com\/?p=21720"},"modified":"2026-03-11T00:04:08","modified_gmt":"2026-03-11T00:04:08","slug":"el-colera-morbusel-sorteoel-decreto-93-de-santa-ana-y-el-acta-de-cabildo-del-zamora-de-1865","status":"publish","type":"post","link":"https:\/\/elpregonerodezamora.com\/index.php\/2026\/03\/11\/el-colera-morbusel-sorteoel-decreto-93-de-santa-ana-y-el-acta-de-cabildo-del-zamora-de-1865\/","title":{"rendered":"El C\u00f3lera Morbus\u2026el Sorteo,\u2026el Decreto 93 de Santa-Ana y el Acta de Cabildo del Zamora de 1865"},"content":{"rendered":"\n<p><\/p>\n\n\n\n<p style=\"font-size:25px\"><strong>SUCEDI\u00d3 EN ZAMORA&#8230;<\/strong><\/p>\n\n\n\n<p><strong>Por Enrique Covarrubias Maga\u00f1a<\/strong><\/p>\n\n\n\n<p><strong><em>&#8220;\u00a1Tar\u00e1n, t\u00e1n, t\u00e1n&#8230;tar\u00e1n t\u00e1n t\u00e1n&#8230;tar\u00e1n t\u00e1n t\u00e1n!&#8230;se escucha el redoble de tambores y el sonar de clarines, que anuncian la llegada de un regimiento de soldados de caballer\u00eda, procedentes de La Piedad, que con gallard\u00eda hacen su entrada por la garita de Naranjos a la peque\u00f1a Zamora;&#8230; al frente con dragoniana capa roja y sable erguido, monta un corcel blanco quien ser\u00e1 el comandante de plaza del imperial ejercito santanista&#8230; taran, tan,tan&#8230;la gente sale a verlos&#8230;tara, tan, tan, tan&#8230; corre el mes de enero de 1850&#8230;de pronto&#8230;&#8221;<\/em><\/strong><\/p>\n\n\n\n<figure class=\"wp-block-image size-full\"><img loading=\"lazy\" decoding=\"async\" width=\"419\" height=\"361\" src=\"https:\/\/elpregonerodezamora.com\/wp-content\/uploads\/2026\/03\/COLERAMORBUS-2.png\" alt=\"\" class=\"wp-image-21721\"\/><\/figure>\n\n\n\n<p><strong>\u201cA finales de enero del a\u00f1o de 1850 se detect\u00f3 una epidemia del C\u00f3lera que cobr\u00f3 varias vidas en los pobladores de la ciudad, motivo por el cual fieles de la iglesia junto con autoridades de la misma, invocaron la clemencia y protecci\u00f3n de la \u201cPur\u00edsima\u201d, de tal manera que en mes de Julio se logr\u00f3 su erradicaci\u00f3n de la enfermedad. Cien a\u00f1os despu\u00e9s en el a\u00f1o de 1950, el 8 de marzo se coron\u00f3 a la Virgen como patrona y reina de la ciudad&#8221;<\/strong><\/p>\n\n\n\n<p><strong>En el archivo eclesi\u00e1stico de Zamora, se encuentra un documento que narra lo siguiente: &#8220;Zamora era un pueblo de tradici\u00f3n y buenas costumbres con una arraigada fe cat\u00f3lica y viv\u00eda en paz; en el mes de enero, por la garita de los naranjos, (actual colonia 20 de noviembre), entraron unos soldados de caballer\u00eda que ven\u00edan de la Piedad, tocando sus tambores y clarines, la gente sal\u00eda a verlos. \u201cDe repente cay\u00f3 un soldado al suelo, revolc\u00e1ndose y echando espuma por la boca. Uno grit\u00f3 \u00a1es la peste del c\u00f3lera! \u00a1c\u00f3rranle p\u00b4a sus casas! Al poco tiempo ya llevaban al camposanto al infeliz soldado, fue la primera v\u00edctima.<\/strong><\/p>\n\n\n\n<p><strong><em>\u201cPor la n oche, en todas las casas, con gran susto rezaban el Rosario para que la virgencita los librara de la terrible peste. \u201cEl moridero de gente segu\u00eda y en carretones llevaban a los muertos por montones y los echaban en grandes zanjas. El se\u00f1or Cura don Francisco Enr\u00edquez y el Padre Ger\u00f3nimo Villacencio confesaban a los que pod\u00edan.<\/em><\/strong><\/p>\n\n\n\n<p><strong><em>\u201cNo hab\u00eda doctores ni medicina, la &#8216;Botica del Refugio&#8217; no se daba abasto, ya curaban con cocimientos de yerbas, En las casas pon\u00edan banderas rojas cuando ped\u00edan confesi\u00f3n y negras para indicar que hab\u00eda muertos; Zamora estaba en completa desolaci\u00f3n, muchas casas cerradas, Daba miedo por la noche, como si hubiesen arrastrado montones de muertos y as\u00ed era por desgracia.<\/em><\/strong><\/p>\n\n\n\n<p><strong><em>&#8220;Los sacerdotes estaban rendidos y no ten\u00edan miedo al contagio \u00a1hombres muy santos! \u201cEl cura Enr\u00edquez y el Prefecto Municipal (sic) Rafael Porto vieron que el \u00fanico remedio estaba all\u00e1 arriba, en el cielo, y decidieron convocar a la elecci\u00f3n de alg\u00fan Santo Patrono que los salvara. Fijaron el 8 de marzo para celebrar la elecci\u00f3n.<\/em><\/strong><\/p>\n\n\n\n<p><strong>Se hab\u00eda formado una junta de socorros, tras la peste, el hambre hacia tambi\u00e9n v\u00edctimas. Todos clamaban misericordia. Por las calles desiertas, r\u00e1pidos atravesaban sombras errantes.<\/strong><\/p>\n\n\n\n<p><strong><em>\u201cPor fin amaneci\u00f3 aquel 8 de marzo de 1850 lleno de esperanza, Zamora lleg\u00f3 hecha jirones a las gradas del atrio, pero llena de fe esperando un milagro. De la casa de Don Arcadio D\u00e1valos llevaron una imagen de la Pur\u00edsima Concepci\u00f3n y la colocaron en un altar en la calle frente al Templo de San Francisco. \u201cCalles y Bocacalles estaban henchidas alegremente. Ya sonaban el \u00faltimo repique y los cohetes en el espacio. Por fin dio principio la ceremonia. All\u00ed estaba el Ayuntamiento, los principales vecinos y el pueblo llenos de fe. \u201cSobre la mesa se coloc\u00f3 la urna con cedulas de diversos santos para hacer la rifa. Un ni\u00f1o sac\u00f3 la primera c\u00e9dula y con expectaci\u00f3n era la virgen Pur\u00edsima. Revolvieron las cedulas y el se\u00f1or cura Enr\u00edquez quiso que se hicieran tres veces y fue que sucedi\u00f3 lo impensable en tres sali\u00f3 la Pur\u00edsima Concepci\u00f3n.<\/em><\/strong><\/p>\n\n\n\n<p><strong><em>\u201cUna explosi\u00f3n de entusiasmo brot\u00f3 de todas las gargantas: \u00a1VIVA LA PUR\u00cdSIMA CONCEPCION! Hubo l\u00e1grimas en los ojos (sic) y j\u00fabilo en los corazones, la Virgen hab\u00eda hecho el milagro. Se hizo un voto de erigirle un templo y festejar cada a\u00f1o el 8 de marzo.<\/em><\/strong><\/p>\n\n\n\n<p>&#8220;<strong><em>Luego trajeron una imagen, en pintura, que estaban en la hornacina del portal y la subieron a la Torre de San Francisco para que fuera faro, gu\u00eda y consuelo de Zamora&#8221;<\/em><\/strong><\/p>\n\n\n\n<p style=\"font-size:25px\"><strong>EL DECRETO 93 DE ANTONIO L\u00d3PEZ DE SANTA ANA<\/strong><\/p>\n\n\n\n<p><strong><em>\u201dSe declara Fiesta Nacional de ese car\u00e1cter el 8 de Diciembre. Su alteza seren\u00edsima, el general presidente se ha servido dirigirme el decreto que sigue: \u201cAntonio L\u00f3pez de Santa-Anna, benem\u00e9rito de la patria, general de divisi\u00f3n, gran maestre de la nacional y distinguida Orden de Guadalupe, caballero Gran Cruz de la real y distinguida orden espa\u00f1ola de Carlos III, y Presidente de la Rep\u00fablica mexicana, a los habitantes de ella, sabed: Que en uso de las facultades que la naci\u00f3n se ha servido conferirme, he tenido a bien decretar lo siguiente: \u201dPara perpetuar dignamente la memoria de la solemne declaraci\u00f3n dogm\u00e1tica de la Inmaculada Concepci\u00f3n de la Sant\u00edsima Virgen Mar\u00eda, ser\u00e1 de festividad nacional el d\u00eda 8 de diciembre de cada a\u00f1o, celebr\u00e1ndose en todos los lugares de la Rep\u00fablica con las solemnidades establecidas. \u201dPor tanto, mando se imprima, publique, circule y se le d\u00e9 el debido cumplimiento. Palacio de gobierno nacional en M\u00e9xico a 21 de abril de 1855.- Antonio L\u00f3pez de Santa-Anna.- Al Ministro de Justicia, negocios eclesi\u00e1sticos e instrucci\u00f3n p\u00fablica\u201d. \u201dY lo comunico a Vos para su inteligencia y fines consiguientes. Dios y Libertad. M\u00e9xico, abril 21 de 1855.- El ministro de justicia, negocios eclesi\u00e1sticos e instrucci\u00f3n p\u00fablica, Teodosio Lares. (Colecci\u00f3n de Leyes y Decretos y \u00f3rdenes expedidas por Antonio L\u00f3pez de Santa-Anna. Tomo VIII; P. 216. Ed. Imprenta de Jos\u00e9 Mariano Fern\u00e1ndez de Lara, M\u00e9xico, 1855)<\/em><\/strong><\/p>\n\n\n\n<p style=\"font-size:25px\"><strong>ACTA DE CABILDO DEL ZAMORA DE 1865<\/strong><\/p>\n\n\n\n<p><strong><em>\u201cDe la presidencia del Sr. D. Antonio Mart\u00ednez por ausencia necesaria y violenta (sic) del Sr. Presidente propietario y asistente de los capitulares Verduzco (D.J.M); Valad\u00e9z; Plancarte, Silva Romero; M\u00e9ndez L\u00f3pez y Verduzco (D. Luis) habiendo faltado por enfermedad el Sr. Garc\u00eda.<\/em><\/strong><\/p>\n\n\n\n<p><strong><em>\u201cDe la Prefectura pol\u00edtica del distrito fecha 21 del corriente en el que transcribe el decreto de su Majestad el Emperador del 3 de noviembre del a\u00f1o pr\u00f3ximo pasado relativo a los modelos a que deben sujetarse los p\u00e1rrocos del imperio para dar a los prefectos pol\u00edticos de sus respectivos departamentos los estados mensuales de nacidos, muertos y matrimonios celebrados, y los directores o encargados de los hospitales los de entradas y salidas de enfermos que hayan recibido, a fin de ir formando la estad\u00edstica general del imperio, acompa\u00f1ando al mismo documento dos ejemplares de estos modelos y se acord\u00f3 se conteste de enterado, y que no habiendo hospital propiamente dicho en esta ciudad, se archive el modelo respectivo y del otro se remita copia al Sr. Cura rector del Sagrario de esta iglesia catedral, archiv\u00e1ndose el original y advirtiendo que el mencionado decreto no deroga las disposiciones anteriores sobre que dicho listado se remita triplicado y reiter\u00e1ndole la s\u00faplica respuesta del cuarto ejemplar que debe servir para el archivo de esta secretar\u00eda\u201d<\/em><\/strong><\/p>\n\n\n\n<p><strong>&#8230;Y desde luego el flagelo que SUCEDI\u00d3 EN ZAMORA, a mediados del Nonag\u00e9simo siglo, empez\u00f3 a decrecer la peste y volvi\u00f3 la paz a la ciudad&#8230;<\/strong><\/p>\n\n\n\n<p><strong><em>(Bibliograf\u00eda: Archivo Ecl\u00e9si\u00e1stico de la Di\u00f3cesis de Zamora; \u2018La iglesia Cat\u00f3lica en el Baj\u00edo Michoacano\u2019 (Jes\u00fas Tapia Santamar\u00eda; \u2018P\u00e1ginas de Zamora\u2019 (F.G. Urbizu) Archivo Municipal de Zamora, Fondo Ayuntamiento; Secci\u00f3n Cabildo; Serie Actas. Libro de Actas de las sesiones del H. Ayuntamiento de Zamora pertenecientes al a\u00f1o de 1865)<\/em><\/strong><\/p>\n\n\n\n<p><strong>(Los documentos que aqu\u00ed se narran otorgan una visi\u00f3n m\u00e1s precisa sobre el Zamora de la mitad del siglo XIX. Primero el decreto 93 de Antonio L\u00f3pez de Santa-Anna y en segundo, una acta de Cabildo que da cuenta de las actividades estad\u00edsticas que deb\u00eda observar el clero zamorano. (Del Ensayo: Sucedi\u00f3 en Zamora)<\/strong><\/p>\n","protected":false},"excerpt":{"rendered":"<p>SUCEDI\u00d3 EN ZAMORA&#8230; Por Enrique Covarrubias Maga\u00f1a &#8220;\u00a1Tar\u00e1n, t\u00e1n, t\u00e1n&#8230;tar\u00e1n t\u00e1n t\u00e1n&#8230;tar\u00e1n t\u00e1n t\u00e1n!&#8230;se escucha el redoble de tambores y el sonar de clarines, que anuncian la llegada de un regimiento de soldados de caballer\u00eda, procedentes de La Piedad, que con gallard\u00eda hacen su entrada por la garita de Naranjos a la peque\u00f1a Zamora;&#8230; al [&hellip;]<\/p>\n","protected":false},"author":2,"featured_media":21722,"comment_status":"open","ping_status":"open","sticky":false,"template":"","format":"standard","meta":{"footnotes":"","_rishi_post_view_count":76},"categories":[36],"tags":[591],"class_list":["post-21720","post","type-post","status-publish","format-standard","has-post-thumbnail","hentry","category-sucedio-en-zamora","tag-el-colera-morbusel-sorteo"],"comments_count":"0","_links":{"self":[{"href":"https:\/\/elpregonerodezamora.com\/index.php\/wp-json\/wp\/v2\/posts\/21720","targetHints":{"allow":["GET"]}}],"collection":[{"href":"https:\/\/elpregonerodezamora.com\/index.php\/wp-json\/wp\/v2\/posts"}],"about":[{"href":"https:\/\/elpregonerodezamora.com\/index.php\/wp-json\/wp\/v2\/types\/post"}],"author":[{"embeddable":true,"href":"https:\/\/elpregonerodezamora.com\/index.php\/wp-json\/wp\/v2\/users\/2"}],"replies":[{"embeddable":true,"href":"https:\/\/elpregonerodezamora.com\/index.php\/wp-json\/wp\/v2\/comments?post=21720"}],"version-history":[{"count":1,"href":"https:\/\/elpregonerodezamora.com\/index.php\/wp-json\/wp\/v2\/posts\/21720\/revisions"}],"predecessor-version":[{"id":21723,"href":"https:\/\/elpregonerodezamora.com\/index.php\/wp-json\/wp\/v2\/posts\/21720\/revisions\/21723"}],"wp:featuredmedia":[{"embeddable":true,"href":"https:\/\/elpregonerodezamora.com\/index.php\/wp-json\/wp\/v2\/media\/21722"}],"wp:attachment":[{"href":"https:\/\/elpregonerodezamora.com\/index.php\/wp-json\/wp\/v2\/media?parent=21720"}],"wp:term":[{"taxonomy":"category","embeddable":true,"href":"https:\/\/elpregonerodezamora.com\/index.php\/wp-json\/wp\/v2\/categories?post=21720"},{"taxonomy":"post_tag","embeddable":true,"href":"https:\/\/elpregonerodezamora.com\/index.php\/wp-json\/wp\/v2\/tags?post=21720"}],"curies":[{"name":"wp","href":"https:\/\/api.w.org\/{rel}","templated":true}]}}