{"id":21714,"date":"2026-03-10T22:42:37","date_gmt":"2026-03-10T22:42:37","guid":{"rendered":"https:\/\/elpregonerodezamora.com\/?p=21714"},"modified":"2026-03-10T22:42:37","modified_gmt":"2026-03-10T22:42:37","slug":"mujeres-que-inspiran","status":"publish","type":"post","link":"https:\/\/elpregonerodezamora.com\/index.php\/2026\/03\/10\/mujeres-que-inspiran\/","title":{"rendered":"\u00a1Mujeres que inspiran!"},"content":{"rendered":"\n<p><\/p>\n\n\n\n<p><\/p>\n\n\n\n<p><\/p>\n\n\n\n<p><strong>Tanganc\u00edcuaro, 10\/marzo\/2026.- <em>Reconocemos con orgullo a Jazm\u00edn Cortez Grajeda, distinguida tangancicuarense que recientemente recibi\u00f3 una menci\u00f3n honor\u00edfica <img loading=\"lazy\" decoding=\"async\" height=\"16\" width=\"16\" src=\"https:\/\/static.xx.fbcdn.net\/images\/emoji.php\/v9\/tb4\/1\/16\/2b50.png\" alt=\"\u2b50\ufe0f\"> por su destacada participaci\u00f3n en la convocatoria de la Presea Er\u00e9ndira, realizada en la comunidad de San Felipe de los Herreros. <img loading=\"lazy\" decoding=\"async\" height=\"16\" width=\"16\" src=\"https:\/\/static.xx.fbcdn.net\/images\/emoji.php\/v9\/tf9\/1\/16\/1f44f_1f3fb.png\" alt=\"\ud83d\udc4f\ud83c\udffb\"> Este reconocimiento, otorgado por el Gobierno del Estado a trav\u00e9s de la Secretar\u00eda de Igualdad Sustantiva y Desarrollo de las Mujeres Michoacanas, destaca su <img loading=\"lazy\" decoding=\"async\" height=\"16\" width=\"16\" src=\"https:\/\/static.xx.fbcdn.net\/images\/emoji.php\/v9\/t5b\/1\/16\/270b_1f3fb.png\" alt=\"\u270b\ud83c\udffb\"> compromiso, esfuerzo y la inspiraci\u00f3n que representa para nuestra comunidad. Adem\u00e1s, Jazm\u00edn es fundadora de TSANDA, un proyecto sin fines de lucro que brinda trabajo a 12 familias artesanas de 7 comunidades de Michoac\u00e1n, quienes comercializan sus textiles a trav\u00e9s de <img loading=\"lazy\" decoding=\"async\" height=\"16\" width=\"16\" src=\"https:\/\/static.xx.fbcdn.net\/images\/emoji.php\/v9\/td8\/1\/16\/1f4f2.png\" alt=\"\ud83d\udcf2\"> redes sociales, impulsando as\u00ed el talento, la tradici\u00f3n y la econom\u00eda de nuestras comunidades.<\/em><\/strong><\/p>\n\n\n\n<p><a href=\"https:\/\/www.facebook.com\/hashtag\/municipioqueinspira?__eep__=6&amp;__cft__[0]=AZbLlAiRHEPQEojU7HqIMa7pZQlOJtbTuYQD0b1MxwB59Apw925Tbo7AmJiQkUCwlRLEIil4-T19uTECs-PP044cOcp5BLHQg5mIaHsSw4qjE3e7JxZP535DDfQslRlkNEZgjD87nSPRqpTRG6ZHL4-N&amp;__tn__=*NK-R\"><strong>#MunicipioQueInspira<\/strong><\/a><\/p>\n\n\n\n<p><\/p>\n","protected":false},"excerpt":{"rendered":"<p>Tanganc\u00edcuaro, 10\/marzo\/2026.- Reconocemos con orgullo a Jazm\u00edn Cortez Grajeda, distinguida tangancicuarense que recientemente recibi\u00f3 una menci\u00f3n honor\u00edfica por su destacada participaci\u00f3n en la convocatoria de la Presea Er\u00e9ndira, realizada en la comunidad de San Felipe de los Herreros. Este reconocimiento, otorgado por el Gobierno del Estado a trav\u00e9s de la Secretar\u00eda de Igualdad Sustantiva y [&hellip;]<\/p>\n","protected":false},"author":2,"featured_media":21715,"comment_status":"open","ping_status":"open","sticky":false,"template":"","format":"standard","meta":{"footnotes":"","_rishi_post_view_count":77},"categories":[30],"tags":[],"class_list":["post-21714","post","type-post","status-publish","format-standard","has-post-thumbnail","hentry","category-tangancicuaro"],"comments_count":"0","_links":{"self":[{"href":"https:\/\/elpregonerodezamora.com\/index.php\/wp-json\/wp\/v2\/posts\/21714","targetHints":{"allow":["GET"]}}],"collection":[{"href":"https:\/\/elpregonerodezamora.com\/index.php\/wp-json\/wp\/v2\/posts"}],"about":[{"href":"https:\/\/elpregonerodezamora.com\/index.php\/wp-json\/wp\/v2\/types\/post"}],"author":[{"embeddable":true,"href":"https:\/\/elpregonerodezamora.com\/index.php\/wp-json\/wp\/v2\/users\/2"}],"replies":[{"embeddable":true,"href":"https:\/\/elpregonerodezamora.com\/index.php\/wp-json\/wp\/v2\/comments?post=21714"}],"version-history":[{"count":1,"href":"https:\/\/elpregonerodezamora.com\/index.php\/wp-json\/wp\/v2\/posts\/21714\/revisions"}],"predecessor-version":[{"id":21716,"href":"https:\/\/elpregonerodezamora.com\/index.php\/wp-json\/wp\/v2\/posts\/21714\/revisions\/21716"}],"wp:featuredmedia":[{"embeddable":true,"href":"https:\/\/elpregonerodezamora.com\/index.php\/wp-json\/wp\/v2\/media\/21715"}],"wp:attachment":[{"href":"https:\/\/elpregonerodezamora.com\/index.php\/wp-json\/wp\/v2\/media?parent=21714"}],"wp:term":[{"taxonomy":"category","embeddable":true,"href":"https:\/\/elpregonerodezamora.com\/index.php\/wp-json\/wp\/v2\/categories?post=21714"},{"taxonomy":"post_tag","embeddable":true,"href":"https:\/\/elpregonerodezamora.com\/index.php\/wp-json\/wp\/v2\/tags?post=21714"}],"curies":[{"name":"wp","href":"https:\/\/api.w.org\/{rel}","templated":true}]}}