{"id":21707,"date":"2026-03-09T19:22:18","date_gmt":"2026-03-09T19:22:18","guid":{"rendered":"https:\/\/elpregonerodezamora.com\/?p=21707"},"modified":"2026-03-09T19:22:19","modified_gmt":"2026-03-09T19:22:19","slug":"caligula-trump-la-guerra-mundial","status":"publish","type":"post","link":"https:\/\/elpregonerodezamora.com\/index.php\/2026\/03\/09\/caligula-trump-la-guerra-mundial\/","title":{"rendered":"CALIGULA, TRUMP, LA GUERRA MUNDIAL"},"content":{"rendered":"\n<p style=\"font-size:25px\"><strong>LA ECONONM\u00cdA Y USTED&#8230;<\/strong><\/p>\n\n\n\n<p><strong>Eliseo Castillo<\/strong><\/p>\n\n\n\n<p><\/p>\n\n\n\n<p class=\"has-text-align-center\"><strong>MANOS AMIGAS<\/strong><\/p>\n\n\n\n<p class=\"has-text-align-right\"><strong><em>&#8220;La larga historia de la vida que nos toca, \/ forma la imagen que te nombra y busca, \/ brazos que abrazan, coraz\u00f3n que anima, \/ de amor entonces, sue\u00f1o y caricia, \/ de amor, amiga, de aquellos tiempos, \/ es tu cobijo, mi eterna guarida&#8221;&#8230;el\u00edseo<\/em><\/strong><\/p>\n\n\n\n<p><strong>Mientras se anuncia con un enfermizo orgullo desde la Casa Blanca de Washington, que acaban de destruir otra lancha con varias personas en ella, calific\u00e1ndolas de narcotraficantes, claro sin ofrecer m\u00e1s prueba que la soberbia del loco gobernante de la misma; el mercado mundial se sacude ante la generalizaci\u00f3n de la guerra promovida fundamentalmente por el gobierno de los Estados Unidos; mandando la cuenta de sus actos a los pa\u00edses restantes que no cuenten con capacidad de respuesta, sobre todo por su vocaci\u00f3n pacifista; o, simplemente por que deciden respetar la m\u00e1xima juarista&#8230;. EL RESPETO AL DERECHO AJENO.<\/strong><\/p>\n\n\n\n<p><strong>Estados Unidos necesita la guerra para reactivar su econom\u00eda, por tanto requiere de gobiernos d\u00e9biles para lanzar su armamento; por ejemplo, hoy el Secretario de Estado Mario (narco) Rubio ha declarado que van a matar al nuevo l\u00edder espiritual de Ir\u00e1n&#8230; \u00a1porque es una amenaza para el mundo!<\/strong><\/p>\n\n\n\n<p><strong>La vida real, desde hace ochenta a\u00f1os solamente ha tenidos dos enemigos declarados que han destruido lo posible de la tierra; la extinta Uni\u00f3n Sovi\u00e9tica y su r\u00e9mora, Rusia; y la OTAN, organizada y manipulada por Estados Unidos.<\/strong><\/p>\n\n\n\n<p><strong>Regularmente cada conflicto desde 1945 ha surgido por intereses de estos dos bloques; as\u00ed es como bajo el nombre de Guerra Fr\u00eda, se nos dijo que ellos mandaban en el mundo; y que el resto de pa\u00edses eran receptores de sus pol\u00edticas, intereses y locuras.<\/strong><\/p>\n\n\n\n<p><strong><em>Hoy, se suma un tercero en discordia, China, la nueva potencia comercial del mundo que reclama espacios de poder; no va a renunciar a los mismos muy f\u00e1cil.<\/em><\/strong><\/p>\n\n\n\n<p><strong>Al final tenemos un mundo en guerra por los apetitos de un mafioso, ped\u00f3filo que usa las armas para que la sociedad que lo eligi\u00f3 lo reconozca como su gran l\u00edder moral, espiritual y b\u00e9lico.<\/strong><\/p>\n\n\n\n<p><strong>Hoy el mundo es un lugar m\u00e1s inseguro, menos confiable para habitarse, pero no tenemos otro, s\u00f3lo este, puesto de cabeza por las man\u00edas de Trump, por un lado; por otro, la sicosis de Putin que reclama una zona de seguridad ante sus vecinos que lo ha llevado a invadir Ucrania en una invasi\u00f3n que se ha complicad m\u00e1s de lo planeado; mientras que China, con su plan expansionista llamado &#8220;la nueva ruta de la seda&#8221; , lo que pelea es el control del mercado mundial&#8230; \u00a1nada m\u00e1s!<\/strong><\/p>\n\n\n\n<p><strong><em>El mat\u00f3n del barrio amenaza al mundo, Cal\u00edgula regresa con lo mimos apetitos de la carne.<\/em><\/strong><\/p>\n\n\n\n<p><strong>Mientras el loco de Washington se divierte jugando a ser emperador lanzando misiles y bombas contra escuelas y hospitales en Ir\u00e1n, y amenaza con continuar si no le permiten poner a un mandatario en ese pa\u00eds que responda a sus intereses; como lo hizo en Venezuela humillando a la que imagin\u00e1bamos (era mi impresi\u00f3n, desde que la conoc\u00ed hace unos diez a\u00f1os) m\u00e1s firme y nacionalista Delsy Rodr\u00edguez; al mismo tiempo que nos informa con su soberbia rutinaria, que Cuba va a caer en cualquier momento, se da la satisfacci\u00f3n de realizar dos reuniones muy especiales que lo pintan de cuerpo entero, tanto en su miseria existencial, como en su soberbia destructiva:<\/strong><\/p>\n\n\n\n<p><strong>Por un lado se re\u00fane con los ministros religiosos cristianos extremistas de Estados Unidos, para realizar una oraci\u00f3n conjunta, donde, para variar, se autonombr\u00f3 el nuevo Jesucristo en la tierra, para el que las oraciones en voz alta de los ministros fueron lamentablemente vergonzosas se enfocaron junto con sus armas y soldados, con la idea de que exterminen a los infieles, a los enemigos inventados; en este caso los iran\u00edes.<\/strong><\/p>\n\n\n\n<p style=\"font-size:25px\">Se repite la lucha del las cruzadas , s\u00f3lo que con m\u00e1s armas y los mimos intereses, controlar el mundo.<\/p>\n\n\n\n<p><strong>La segunda reuni\u00f3n fue quiz\u00e1 peor y m\u00e1s deprimente; en la organizaci\u00f3n que se invent\u00f3 para su ego, convoc\u00f3 a los mandatarios de derecha de Latinoam\u00e9rica, para luego de recibir las &#8220;loas&#8221; propias de un emperador al estilo romano, se dedic\u00f3 a hablar de lo grandioso que es \u00e9l, y de lo malo que son todos los que no apoyan; hizo burla de Claudia Sheinbaum, la critic\u00f3 de ser una mandataria sin car\u00e1cter para combatir a la delincuencia organizada del pa\u00eds; y de que posiblemente hoy&#8230;, o ma\u00f1ana&#8230;, o cuando se le antoje, probablemente va a intervenir en M\u00e9xico con sus misiles contra estas personas&#8230; :\u00a1para satisfacci\u00f3n y felicidad de la derecha y de televisa, tv-azteca e Imagen!<\/strong><\/p>\n\n\n\n<p><strong>De repente Cal\u00edgula reencarn\u00f3 en sus labios, palabras, y al parecer deseos cuando se refiri\u00f3 a los presidentes de Paraguay, Ecuador y El Salvador, para los cu\u00e1les tuvo palabras muy emocionales, se refiri\u00f3 a ellos como personas j\u00f3venes y muy guapas sin guardarse nada; incluso hizo \u00e9nfasis en el presidente de El Salvador a quien calific\u00f3 de muy guapo desde que lo conoci\u00f3&#8230;; se\u00f1alando que entonces era muy joven y guapo&#8230;, que ahora sigue siendo muy guapo.<\/strong><\/p>\n\n\n\n<p><strong>La an\u00e9cdota que no es an\u00e9cdota, es que Cal\u00edgula organizaba grandes fiestas, org\u00edas en las que asist\u00edan sus amigos m\u00e1s cercanos y sus jefes militares, con quienes compart\u00eda sus muy conocidos y comentados apetitos sexuales, con ellos y con ellas indistintamente; eran bacanales de fiesta, vino, comida y satisfacci\u00f3n de la piel humana.<\/strong><\/p>\n\n\n\n<p><strong><em>\u00bfConocer\u00e1 la historia Trump&#8230;, o solamente se dej\u00f3 llevar por sus deseos inmediatos ante el momento y evento?<\/em><\/strong><\/p>\n\n\n\n<p><strong>Ser\u00eda una simple an\u00e9cdota y un sentimiento carnal de tantos, si no fuera que en medio est\u00e1 la guerra en el mundo; con un loco como este, el mito de Troya es mero dato de la literatura universal; La bella Elena, el padrote Paris y el ofendido Menelao; pasan a ser meros fantoches de la literatura.<\/strong><\/p>\n\n\n\n<p><strong>El problema no son las pasiones de la carne, son los intereses que se meten en ellas; y con un loco como Trump, la guerra mundial es un hecho desdichado.<\/strong><\/p>\n\n\n\n<p><strong><em>Pero de que le parecen guapos&#8230;, \u00e9l lo dijo.<\/em><\/strong><\/p>\n\n\n\n<p style=\"font-size:25px\"><strong>Ah, las pasiones de la carne&#8230;; \u00a1cuando no joden a los dem\u00e1s desde luego!<\/strong><\/p>\n\n\n\n<p><a href=\"https:\/\/www.facebook.com\/photo\/?fbid=1211789784456185&amp;set=a.370963018538870&amp;__cft__[0]=AZbcc3Xj43dHcoKn6L1s0fos1asaM3u94p-uGHo41GJzuIH4x8DmwrSyoPhlkS3NO9Op-4IuBf22ZH3P8uSpZm2u9I2m0bMb2BcFkLakLriFUwUb0eWfGooLsiWgygOwCtx_qw_9nXzhTIHC8oXH997Yk8XeP0eVls4z-1CNLnWe5yyJXVOohJnLVpbJZu84Egg&amp;__tn__=EH-R\"><\/a><\/p>\n","protected":false},"excerpt":{"rendered":"<p>LA ECONONM\u00cdA Y USTED&#8230; Eliseo Castillo MANOS AMIGAS &#8220;La larga historia de la vida que nos toca, \/ forma la imagen que te nombra y busca, \/ brazos que abrazan, coraz\u00f3n que anima, \/ de amor entonces, sue\u00f1o y caricia, \/ de amor, amiga, de aquellos tiempos, \/ es tu cobijo, mi eterna guarida&#8221;&#8230;el\u00edseo Mientras [&hellip;]<\/p>\n","protected":false},"author":2,"featured_media":21708,"comment_status":"open","ping_status":"open","sticky":false,"template":"","format":"standard","meta":{"footnotes":"","_rishi_post_view_count":81},"categories":[1],"tags":[],"class_list":["post-21707","post","type-post","status-publish","format-standard","has-post-thumbnail","hentry","category-opinion"],"comments_count":"0","_links":{"self":[{"href":"https:\/\/elpregonerodezamora.com\/index.php\/wp-json\/wp\/v2\/posts\/21707","targetHints":{"allow":["GET"]}}],"collection":[{"href":"https:\/\/elpregonerodezamora.com\/index.php\/wp-json\/wp\/v2\/posts"}],"about":[{"href":"https:\/\/elpregonerodezamora.com\/index.php\/wp-json\/wp\/v2\/types\/post"}],"author":[{"embeddable":true,"href":"https:\/\/elpregonerodezamora.com\/index.php\/wp-json\/wp\/v2\/users\/2"}],"replies":[{"embeddable":true,"href":"https:\/\/elpregonerodezamora.com\/index.php\/wp-json\/wp\/v2\/comments?post=21707"}],"version-history":[{"count":1,"href":"https:\/\/elpregonerodezamora.com\/index.php\/wp-json\/wp\/v2\/posts\/21707\/revisions"}],"predecessor-version":[{"id":21709,"href":"https:\/\/elpregonerodezamora.com\/index.php\/wp-json\/wp\/v2\/posts\/21707\/revisions\/21709"}],"wp:featuredmedia":[{"embeddable":true,"href":"https:\/\/elpregonerodezamora.com\/index.php\/wp-json\/wp\/v2\/media\/21708"}],"wp:attachment":[{"href":"https:\/\/elpregonerodezamora.com\/index.php\/wp-json\/wp\/v2\/media?parent=21707"}],"wp:term":[{"taxonomy":"category","embeddable":true,"href":"https:\/\/elpregonerodezamora.com\/index.php\/wp-json\/wp\/v2\/categories?post=21707"},{"taxonomy":"post_tag","embeddable":true,"href":"https:\/\/elpregonerodezamora.com\/index.php\/wp-json\/wp\/v2\/tags?post=21707"}],"curies":[{"name":"wp","href":"https:\/\/api.w.org\/{rel}","templated":true}]}}