{"id":21702,"date":"2026-03-06T23:05:32","date_gmt":"2026-03-06T23:05:32","guid":{"rendered":"https:\/\/elpregonerodezamora.com\/?p=21702"},"modified":"2026-03-06T23:05:32","modified_gmt":"2026-03-06T23:05:32","slug":"entrega-el-tec-de-zamora-a-426-profesionistas","status":"publish","type":"post","link":"https:\/\/elpregonerodezamora.com\/index.php\/2026\/03\/06\/entrega-el-tec-de-zamora-a-426-profesionistas\/","title":{"rendered":"Entrega el Tec de Zamora a 426 profesionistas"},"content":{"rendered":"\n<p style=\"font-size:25px\"><em><strong>&#8220;Nuestros egresados son ejemplo de esfuerzo y perseverancia&#8221; Karlo Samaguey<\/strong><\/em><\/p>\n\n\n\n<p><strong>Zamora, Mich., 6\/marzo\/2026.- El Instituto Tecnol\u00f3gico de Zamora entreg\u00f3 a la sociedad 426 nuevos profesionistas, hombres y mujeres preparados para aportar conocimiento, innovaci\u00f3n y compromiso social en sus comunidades y espacios laborales. Durante la ceremonia de egreso, el director general, Karlo M. Samaguey, expres\u00f3 que los graduados han alcanzado una meta importante, pero los motiv\u00f3 a continuar su preparaci\u00f3n acad\u00e9mica.<\/strong><\/p>\n\n\n\n<p><strong>\u201cEl Tecnol\u00f3gico de Zamora siempre ser\u00e1 su casa\u201d, expres\u00f3 el directivo, al recordar que la instituci\u00f3n ofrece opciones de posgrado, certificaciones y la posibilidad de cursar otra ingenier\u00eda en modalidad sabatina. Se\u00f1al\u00f3 que esta generaci\u00f3n ocupa un lugar especial en su historia personal, ya que muchos de los egresados lo acompa\u00f1aron en diversas gestiones en favor del plantel.<\/strong><\/p>\n\n\n\n<p><strong>Samaguey record\u00f3 que junto con estudiantes participaron en encuentros y eventos donde se plantearon proyectos para fortalecer al Tecnol\u00f3gico, incluso cuando la hoy presidenta de M\u00e9xico, Claudia Sheinbaum Pardo, visit\u00f3 el campus como candidata. Tambi\u00e9n se gestionaron apoyos ante el gobernador de Michoac\u00e1n, Alfredo Ram\u00edrez Bedolla, con el objetivo de mejorar las condiciones educativas.<\/strong><\/p>\n\n\n\n<p><strong>Entre los avances logrados, destac\u00f3 el acceso a internet gratuito mediante el programa DATA Datos Gratis, la implementaci\u00f3n de la beca Gertrudis Bocanegra, la obra del drenaje en el campus y la inversi\u00f3n superior al mill\u00f3n de pesos en nuevo equipo de c\u00f3mputo, acciones que buscan reducir la brecha digital y fortalecer la formaci\u00f3n de los estudiantes.<\/strong><\/p>\n\n\n\n<p><strong>En representaci\u00f3n del gobierno estatal, el director de Educaci\u00f3n Superior, Aldo Lomel\u00ed, afirm\u00f3 que la administraci\u00f3n de Alfredo Ram\u00edrez Bedolla es aliada de la juventud michoacana. Destac\u00f3 adem\u00e1s la calidad de los egresados del Tecnol\u00f3gico de Zamora, se\u00f1alando que muchos de ellos hoy trabajan incluso en el extranjero, convirti\u00e9ndose en embajadores de la instituci\u00f3n. Durante el acto tambi\u00e9n se entregaron reconocimientos a los mejores promedios y los estudiantes distinguieron al docente que m\u00e1s influy\u00f3 en su formaci\u00f3n con el galard\u00f3n \u201cZorro Dorado\u201d.<\/strong><\/p>\n","protected":false},"excerpt":{"rendered":"<p>&#8220;Nuestros egresados son ejemplo de esfuerzo y perseverancia&#8221; Karlo Samaguey Zamora, Mich., 6\/marzo\/2026.- El Instituto Tecnol\u00f3gico de Zamora entreg\u00f3 a la sociedad 426 nuevos profesionistas, hombres y mujeres preparados para aportar conocimiento, innovaci\u00f3n y compromiso social en sus comunidades y espacios laborales. Durante la ceremonia de egreso, el director general, Karlo M. Samaguey, expres\u00f3 que [&hellip;]<\/p>\n","protected":false},"author":2,"featured_media":21703,"comment_status":"open","ping_status":"open","sticky":false,"template":"","format":"standard","meta":{"footnotes":"","_rishi_post_view_count":85},"categories":[282],"tags":[],"class_list":["post-21702","post","type-post","status-publish","format-standard","has-post-thumbnail","hentry","category-educacion"],"comments_count":"0","_links":{"self":[{"href":"https:\/\/elpregonerodezamora.com\/index.php\/wp-json\/wp\/v2\/posts\/21702","targetHints":{"allow":["GET"]}}],"collection":[{"href":"https:\/\/elpregonerodezamora.com\/index.php\/wp-json\/wp\/v2\/posts"}],"about":[{"href":"https:\/\/elpregonerodezamora.com\/index.php\/wp-json\/wp\/v2\/types\/post"}],"author":[{"embeddable":true,"href":"https:\/\/elpregonerodezamora.com\/index.php\/wp-json\/wp\/v2\/users\/2"}],"replies":[{"embeddable":true,"href":"https:\/\/elpregonerodezamora.com\/index.php\/wp-json\/wp\/v2\/comments?post=21702"}],"version-history":[{"count":1,"href":"https:\/\/elpregonerodezamora.com\/index.php\/wp-json\/wp\/v2\/posts\/21702\/revisions"}],"predecessor-version":[{"id":21704,"href":"https:\/\/elpregonerodezamora.com\/index.php\/wp-json\/wp\/v2\/posts\/21702\/revisions\/21704"}],"wp:featuredmedia":[{"embeddable":true,"href":"https:\/\/elpregonerodezamora.com\/index.php\/wp-json\/wp\/v2\/media\/21703"}],"wp:attachment":[{"href":"https:\/\/elpregonerodezamora.com\/index.php\/wp-json\/wp\/v2\/media?parent=21702"}],"wp:term":[{"taxonomy":"category","embeddable":true,"href":"https:\/\/elpregonerodezamora.com\/index.php\/wp-json\/wp\/v2\/categories?post=21702"},{"taxonomy":"post_tag","embeddable":true,"href":"https:\/\/elpregonerodezamora.com\/index.php\/wp-json\/wp\/v2\/tags?post=21702"}],"curies":[{"name":"wp","href":"https:\/\/api.w.org\/{rel}","templated":true}]}}