{"id":21696,"date":"2026-03-04T23:48:20","date_gmt":"2026-03-04T23:48:20","guid":{"rendered":"https:\/\/elpregonerodezamora.com\/?p=21696"},"modified":"2026-03-04T23:48:21","modified_gmt":"2026-03-04T23:48:21","slug":"el-jardin-polinizador-de-zamora","status":"publish","type":"post","link":"https:\/\/elpregonerodezamora.com\/index.php\/2026\/03\/04\/el-jardin-polinizador-de-zamora\/","title":{"rendered":"EL JARD\u00cdN POLINIZADOR DE ZAMORA&#8230;"},"content":{"rendered":"\n<p><strong>J. Luis Seefo\u00f3 Luj\u00e1n \/ Profesor investigador del Colmich<\/strong><\/p>\n\n\n\n<p><strong>Zamora, 4\/marzo\/2026.- Si lo hubiera le\u00eddo en los escasos medios que hacen observaciones cr\u00edticas al alcalde y a su administraci\u00f3n, no lo hubiera cre\u00eddo, pero me enter\u00e9 -casi- directamente de la inauguraci\u00f3n que se llev\u00f3 a cabo el d\u00eda lunes 2 de marzo. Carlos Soto y su equipo m\u00e1s cercano a los animales y al medio con alegr\u00eda el \u201cprimer jard\u00edn polinizador\u201d (\u00a1el tercero en su g\u00e9nero en todo Michoac\u00e1n!, dice la placa alusiva).<\/strong><\/p>\n\n\n\n<p><strong>La maravilla que presentan ha de ser motivo de orgullo para los zamoranos y ser\u00e1 -a la vez- un im\u00e1n para el turismo ecol\u00f3gico y acad\u00e9mico. En consecuencia, tendr\u00e1 un efecto multiplicador en los negocios y en el saber de la regi\u00f3n. Dice el alcalde y su equipo que \u201ceste jard\u00edn ha sido creado para ofrecer refugio, alimento y un lugar de reproducci\u00f3n a especies clave como abejas, mariposas, colibr\u00edes y otros polinizadores\u201d.<\/strong><\/p>\n\n\n\n<p style=\"font-size:24px\"><strong><em>\u00a1Madre m\u00eda! \u00bfDeveras creen eso que dicen? Los compa\u00f1eros ecologistas que acompa\u00f1an a la administraci\u00f3n municipal avalan estas obras? \u00bfSi han visto d\u00f3nde, cu\u00e1ndo y c\u00f3mo se reproducen los colibr\u00edes? A reserva de escribir con calma algunas l\u00edneas, va este adelanto:<\/em><\/strong><\/p>\n\n\n\n<p><strong><em>1). Cada \u00e1rbol que talan los trabajadores de parques y jardines, del servicio de cable, CFE, Telmex y, sobre todo, los fraccionadores, alberga (ba) mayor biodiversidad, era un h\u00e1bitat natural de aves, peque\u00f1os lagartos y era fuente de polen para las abejas;<\/em><\/strong><\/p>\n\n\n\n<p><strong><em>2). Cualquier guam\u00fachil de bald\u00edos o parques abandonados ofrece m\u00e1s flores y polen para abejas, abejorros, etc. que esa superficie llamada \u201cparque polinizador\u201d;<\/em><\/strong><\/p>\n\n\n\n<p><strong><em>3), A\u00fan las \u00e1reas verdes poco atendidas por vecinos y por el gobierno municipal albergan m\u00e1s mariposas, abejas y tlacuaches que esa \u00e1rea del jard\u00edn \u201cpolinizador\u201d;<\/em><\/strong><\/p>\n\n\n\n<p><strong><em>4). Si el alcalde ha logrado funcionales convenios con periodistas de la radio y tiene como colaboradores directos a varios elementos de los medios y a\u00fan as\u00ed le preocupan las cr\u00edticas de modestas plataformas de informaci\u00f3n y difusi\u00f3n noticiosa \u2026 \u00bfCu\u00e1l es el mensaje? Quiz\u00e1 sus medios son poco cre\u00edbles y los lectores optan por prensa \u201calgo independiente\u201d. Tal vez los consejeros de prensa del gobierno municipal no le aconsejan de manera adecuada.<\/em><\/strong><\/p>\n\n\n\n<p><strong><em>Si al gobierno municipal y a su equipo ambiental les importan las abejas y los colibr\u00edes, demuestren ese inter\u00e9s no propiciando m\u00e1s talas urbanas y apoyando a las personas que tratan de mantener vivos las parques en las colonias y a los que lucha por \u201cV\u00edas Verdes\u201d.<\/em><\/strong><\/p>\n\n\n\n<p style=\"font-size:25px\"><strong>Por el bien de todos, que la autoridad no se equivoque!<\/strong><\/p>\n\n\n\n<p><strong>J. Luis Seefo\u00f3 Luj\u00e1n<\/strong><\/p>\n","protected":false},"excerpt":{"rendered":"<p>J. Luis Seefo\u00f3 Luj\u00e1n \/ Profesor investigador del Colmich Zamora, 4\/marzo\/2026.- Si lo hubiera le\u00eddo en los escasos medios que hacen observaciones cr\u00edticas al alcalde y a su administraci\u00f3n, no lo hubiera cre\u00eddo, pero me enter\u00e9 -casi- directamente de la inauguraci\u00f3n que se llev\u00f3 a cabo el d\u00eda lunes 2 de marzo. Carlos Soto y [&hellip;]<\/p>\n","protected":false},"author":2,"featured_media":21697,"comment_status":"open","ping_status":"open","sticky":false,"template":"","format":"standard","meta":{"footnotes":"","_rishi_post_view_count":101},"categories":[1],"tags":[],"class_list":["post-21696","post","type-post","status-publish","format-standard","has-post-thumbnail","hentry","category-opinion"],"comments_count":"0","_links":{"self":[{"href":"https:\/\/elpregonerodezamora.com\/index.php\/wp-json\/wp\/v2\/posts\/21696","targetHints":{"allow":["GET"]}}],"collection":[{"href":"https:\/\/elpregonerodezamora.com\/index.php\/wp-json\/wp\/v2\/posts"}],"about":[{"href":"https:\/\/elpregonerodezamora.com\/index.php\/wp-json\/wp\/v2\/types\/post"}],"author":[{"embeddable":true,"href":"https:\/\/elpregonerodezamora.com\/index.php\/wp-json\/wp\/v2\/users\/2"}],"replies":[{"embeddable":true,"href":"https:\/\/elpregonerodezamora.com\/index.php\/wp-json\/wp\/v2\/comments?post=21696"}],"version-history":[{"count":1,"href":"https:\/\/elpregonerodezamora.com\/index.php\/wp-json\/wp\/v2\/posts\/21696\/revisions"}],"predecessor-version":[{"id":21698,"href":"https:\/\/elpregonerodezamora.com\/index.php\/wp-json\/wp\/v2\/posts\/21696\/revisions\/21698"}],"wp:featuredmedia":[{"embeddable":true,"href":"https:\/\/elpregonerodezamora.com\/index.php\/wp-json\/wp\/v2\/media\/21697"}],"wp:attachment":[{"href":"https:\/\/elpregonerodezamora.com\/index.php\/wp-json\/wp\/v2\/media?parent=21696"}],"wp:term":[{"taxonomy":"category","embeddable":true,"href":"https:\/\/elpregonerodezamora.com\/index.php\/wp-json\/wp\/v2\/categories?post=21696"},{"taxonomy":"post_tag","embeddable":true,"href":"https:\/\/elpregonerodezamora.com\/index.php\/wp-json\/wp\/v2\/tags?post=21696"}],"curies":[{"name":"wp","href":"https:\/\/api.w.org\/{rel}","templated":true}]}}