{"id":21690,"date":"2026-03-04T23:06:28","date_gmt":"2026-03-04T23:06:28","guid":{"rendered":"https:\/\/elpregonerodezamora.com\/?p=21690"},"modified":"2026-03-04T23:06:29","modified_gmt":"2026-03-04T23:06:29","slug":"fortalecemos-la-proteccion-de-nuestros-bosques","status":"publish","type":"post","link":"https:\/\/elpregonerodezamora.com\/index.php\/2026\/03\/04\/fortalecemos-la-proteccion-de-nuestros-bosques\/","title":{"rendered":"\u00a1Fortalecemos la protecci\u00f3n de nuestros bosques!"},"content":{"rendered":"\n<p><strong><em>Tanganc\u00edcuaro, 4\/marzo\/2026.- Seguimos estableciendo alianzas estrat\u00e9gicas que nos permitan proteger nuestras \u00e1reas forestales.<\/em><\/strong><\/p>\n\n\n\n<p><strong><em><img loading=\"lazy\" decoding=\"async\" height=\"16\" width=\"16\" src=\"https:\/\/static.xx.fbcdn.net\/images\/emoji.php\/v9\/tdd\/1\/16\/270d_1f3fb.png\" alt=\"\u270d\ud83c\udffb\"> Firmamos un convenio con la Comisi\u00f3n Forestal del Estado de Michoac\u00e1n que har\u00e1 posible la conformaci\u00f3n de una <img loading=\"lazy\" decoding=\"async\" height=\"16\" width=\"16\" src=\"https:\/\/static.xx.fbcdn.net\/images\/emoji.php\/v9\/t17\/1\/16\/1f477_1f3fb_200d_2642.png\" alt=\"\ud83d\udc77\ud83c\udffb\u200d\u2642\ufe0f\"> brigada especializada en la prevenci\u00f3n, detecci\u00f3n y combate de incendios.<\/em><\/strong><\/p>\n\n\n\n<p><strong><em><img loading=\"lazy\" decoding=\"async\" height=\"16\" width=\"16\" src=\"https:\/\/static.xx.fbcdn.net\/images\/emoji.php\/v9\/t50\/1\/16\/1f525.png\" alt=\"\ud83d\udd25\"><img loading=\"lazy\" decoding=\"async\" height=\"16\" width=\"16\" src=\"https:\/\/static.xx.fbcdn.net\/images\/emoji.php\/v9\/t4c\/1\/16\/1fab5.png\" alt=\"\ud83e\udeb5\"> Esta acci\u00f3n ser\u00e1 clave durante la temporada de estiaje, reforzando la vigilancia y atenci\u00f3n oportuna en las zonas boscosas <img loading=\"lazy\" decoding=\"async\" height=\"16\" width=\"16\" src=\"https:\/\/static.xx.fbcdn.net\/images\/emoji.php\/v9\/t6b\/1\/16\/1f333.png\" alt=\"\ud83c\udf33\"> de Tanganc\u00edcuaro. Cuidar nuestros recursos naturales es una <img loading=\"lazy\" decoding=\"async\" height=\"16\" width=\"16\" src=\"https:\/\/static.xx.fbcdn.net\/images\/emoji.php\/v9\/t64\/1\/16\/1f91d.png\" alt=\"\ud83e\udd1d\"> tarea compartida.<\/em><\/strong><\/p>\n\n\n\n<p><a href=\"https:\/\/www.facebook.com\/hashtag\/municipioqueinspira?__eep__=6&amp;__cft__[0]=AZbBhFG1BEiUQxr27Mj-pYVVew8LK4EuqOy8paT0yYguSMZDs7OdAkny8Nhvo1SMKJL2ulbCu9mi6raVvDNnY-BPT15yolt9GTAsUd4CHLcEpWUfqOREBYvX-XwrmJOXvl6vYScy4Y4jzO5WRCHQWIkl&amp;__tn__=*NK-R\"><strong>#MunicipioQueInspira<\/strong><\/a><\/p>\n","protected":false},"excerpt":{"rendered":"<p>Tanganc\u00edcuaro, 4\/marzo\/2026.- Seguimos estableciendo alianzas estrat\u00e9gicas que nos permitan proteger nuestras \u00e1reas forestales. Firmamos un convenio con la Comisi\u00f3n Forestal del Estado de Michoac\u00e1n que har\u00e1 posible la conformaci\u00f3n de una brigada especializada en la prevenci\u00f3n, detecci\u00f3n y combate de incendios. Esta acci\u00f3n ser\u00e1 clave durante la temporada de estiaje, reforzando la vigilancia y atenci\u00f3n [&hellip;]<\/p>\n","protected":false},"author":2,"featured_media":21691,"comment_status":"open","ping_status":"open","sticky":false,"template":"","format":"standard","meta":{"footnotes":"","_rishi_post_view_count":96},"categories":[30],"tags":[],"class_list":["post-21690","post","type-post","status-publish","format-standard","has-post-thumbnail","hentry","category-tangancicuaro"],"comments_count":"0","_links":{"self":[{"href":"https:\/\/elpregonerodezamora.com\/index.php\/wp-json\/wp\/v2\/posts\/21690","targetHints":{"allow":["GET"]}}],"collection":[{"href":"https:\/\/elpregonerodezamora.com\/index.php\/wp-json\/wp\/v2\/posts"}],"about":[{"href":"https:\/\/elpregonerodezamora.com\/index.php\/wp-json\/wp\/v2\/types\/post"}],"author":[{"embeddable":true,"href":"https:\/\/elpregonerodezamora.com\/index.php\/wp-json\/wp\/v2\/users\/2"}],"replies":[{"embeddable":true,"href":"https:\/\/elpregonerodezamora.com\/index.php\/wp-json\/wp\/v2\/comments?post=21690"}],"version-history":[{"count":1,"href":"https:\/\/elpregonerodezamora.com\/index.php\/wp-json\/wp\/v2\/posts\/21690\/revisions"}],"predecessor-version":[{"id":21692,"href":"https:\/\/elpregonerodezamora.com\/index.php\/wp-json\/wp\/v2\/posts\/21690\/revisions\/21692"}],"wp:featuredmedia":[{"embeddable":true,"href":"https:\/\/elpregonerodezamora.com\/index.php\/wp-json\/wp\/v2\/media\/21691"}],"wp:attachment":[{"href":"https:\/\/elpregonerodezamora.com\/index.php\/wp-json\/wp\/v2\/media?parent=21690"}],"wp:term":[{"taxonomy":"category","embeddable":true,"href":"https:\/\/elpregonerodezamora.com\/index.php\/wp-json\/wp\/v2\/categories?post=21690"},{"taxonomy":"post_tag","embeddable":true,"href":"https:\/\/elpregonerodezamora.com\/index.php\/wp-json\/wp\/v2\/tags?post=21690"}],"curies":[{"name":"wp","href":"https:\/\/api.w.org\/{rel}","templated":true}]}}