{"id":21687,"date":"2026-03-04T22:34:42","date_gmt":"2026-03-04T22:34:42","guid":{"rendered":"https:\/\/elpregonerodezamora.com\/?p=21687"},"modified":"2026-03-04T22:34:43","modified_gmt":"2026-03-04T22:34:43","slug":"impulsara-raul-moron-reforma-para-garantizar-el-uniforme-neutro-en-mexico","status":"publish","type":"post","link":"https:\/\/elpregonerodezamora.com\/index.php\/2026\/03\/04\/impulsara-raul-moron-reforma-para-garantizar-el-uniforme-neutro-en-mexico\/","title":{"rendered":"Impulsar\u00e1 Ra\u00fal Mor\u00f3n reforma para garantizar el &#8220;Uniforme Neutro&#8221; en M\u00e9xico"},"content":{"rendered":"\n<p style=\"font-size:25px\"><strong><em>* Como presidente de la Comisi\u00f3n de Educaci\u00f3n del Senado, el legislador encabezar\u00e1 la construcci\u00f3n de esta iniciativa para eliminar estereotipos en las aulas_<\/em><\/strong><\/p>\n\n\n\n<p><strong>Ciudad de M\u00e9xico, a 04 de marzo de 2026.- Con el objetivo de garantizar que ni\u00f1as, ni\u00f1os y adolescentes elijan de manera libre y sin discriminaci\u00f3n su indumentaria escolar, el senador de Morena, Ra\u00fal Mor\u00f3n Orozco, anunci\u00f3 que como presidente de la Comisi\u00f3n de Educaci\u00f3n, impulsar\u00e1 formalmente la construcci\u00f3n de una reforma a la Ley General de Educaci\u00f3n en la materia. Lo anterior al dar el mensaje de apertura del conversatorio \u201cLa libertad empieza en la escuela. Di\u00e1logos sobre el uso de uniformes neutros\u201d.<\/strong><\/p>\n\n\n\n<p><strong>Acompa\u00f1ado por autoridades de la Secretar\u00eda de Educaci\u00f3n P\u00fablica, Mor\u00f3n Orozco destac\u00f3 que es momento de actualizar el marco normativo federal para que la vestimenta deje de ser un obst\u00e1culo para el desarrollo de las infancias.<\/strong><\/p>\n\n\n\n<p><strong>El senador michoacano fue enf\u00e1tico al se\u00f1alar que, bajo su gesti\u00f3n en la Comisi\u00f3n, se priorizar\u00e1 una agenda que elimine prejuicios hist\u00f3ricos. Record\u00f3 que esta visi\u00f3n tiene un antecedente clave en 2019, cuando la hoy Presidenta de la Rep\u00fablica, Claudia Sheinbaum Pardo, implement\u00f3 el uniforme neutro en la Ciudad de M\u00e9xico.<\/strong><\/p>\n\n\n\n<p><strong>\u201cEl reto ahora es federalizar esta protecci\u00f3n. Como presidente de la Comisi\u00f3n de Educaci\u00f3n, trabajar\u00e9 para que ninguna ni\u00f1a, ni\u00f1o o adolescente sea sancionado o excluido por su vestimenta. Resulta absurdo que el recinto donde se ense\u00f1a la libertad sea el \u00faltimo refugio de imposiciones de g\u00e9nero&#8221;, declar\u00f3 el legislador.<\/strong><\/p>\n\n\n\n<p><strong>El conversatorio se estructur\u00f3 en tres ejes fundamentales para sustentar una posible reforma. La primera mesa analiz\u00f3 el marco de derechos humanos y autonom\u00eda, al examinar c\u00f3mo la vestimenta escolar impacta en la igualdad, la no discriminaci\u00f3n y el libre desarrollo de la personalidad de la ni\u00f1ez. El segundo bloque dio voz a familias, estudiantes y activistas para documentar experiencias de exclusi\u00f3n y el impacto emocional que tiene la libre elecci\u00f3n del uniforme.<\/strong><\/p>\n\n\n\n<p><strong>Finalmente, la tercera mesa se enfoc\u00f3 en la ruta legislativa e implementaci\u00f3n, donde especialistas y autoridades educativas evaluaron los factores de \u00e9xito en entidades federativas donde este derecho ya es una realidad.<\/strong><\/p>\n\n\n\n<p><strong>Con la construcci\u00f3n de esta reforma, el Senado de la Rep\u00fablica busca dar un paso hist\u00f3rico hacia una educaci\u00f3n donde la igualdad sustantiva sea un principio vivido cotidianamente por millones de estudiantes.<\/strong><\/p>\n","protected":false},"excerpt":{"rendered":"<p>* Como presidente de la Comisi\u00f3n de Educaci\u00f3n del Senado, el legislador encabezar\u00e1 la construcci\u00f3n de esta iniciativa para eliminar estereotipos en las aulas_ Ciudad de M\u00e9xico, a 04 de marzo de 2026.- Con el objetivo de garantizar que ni\u00f1as, ni\u00f1os y adolescentes elijan de manera libre y sin discriminaci\u00f3n su indumentaria escolar, el senador [&hellip;]<\/p>\n","protected":false},"author":2,"featured_media":21688,"comment_status":"open","ping_status":"open","sticky":false,"template":"","format":"standard","meta":{"footnotes":"","_rishi_post_view_count":103},"categories":[197],"tags":[],"class_list":["post-21687","post","type-post","status-publish","format-standard","has-post-thumbnail","hentry","category-politica"],"comments_count":"0","_links":{"self":[{"href":"https:\/\/elpregonerodezamora.com\/index.php\/wp-json\/wp\/v2\/posts\/21687","targetHints":{"allow":["GET"]}}],"collection":[{"href":"https:\/\/elpregonerodezamora.com\/index.php\/wp-json\/wp\/v2\/posts"}],"about":[{"href":"https:\/\/elpregonerodezamora.com\/index.php\/wp-json\/wp\/v2\/types\/post"}],"author":[{"embeddable":true,"href":"https:\/\/elpregonerodezamora.com\/index.php\/wp-json\/wp\/v2\/users\/2"}],"replies":[{"embeddable":true,"href":"https:\/\/elpregonerodezamora.com\/index.php\/wp-json\/wp\/v2\/comments?post=21687"}],"version-history":[{"count":1,"href":"https:\/\/elpregonerodezamora.com\/index.php\/wp-json\/wp\/v2\/posts\/21687\/revisions"}],"predecessor-version":[{"id":21689,"href":"https:\/\/elpregonerodezamora.com\/index.php\/wp-json\/wp\/v2\/posts\/21687\/revisions\/21689"}],"wp:featuredmedia":[{"embeddable":true,"href":"https:\/\/elpregonerodezamora.com\/index.php\/wp-json\/wp\/v2\/media\/21688"}],"wp:attachment":[{"href":"https:\/\/elpregonerodezamora.com\/index.php\/wp-json\/wp\/v2\/media?parent=21687"}],"wp:term":[{"taxonomy":"category","embeddable":true,"href":"https:\/\/elpregonerodezamora.com\/index.php\/wp-json\/wp\/v2\/categories?post=21687"},{"taxonomy":"post_tag","embeddable":true,"href":"https:\/\/elpregonerodezamora.com\/index.php\/wp-json\/wp\/v2\/tags?post=21687"}],"curies":[{"name":"wp","href":"https:\/\/api.w.org\/{rel}","templated":true}]}}