{"id":21672,"date":"2026-03-03T01:16:59","date_gmt":"2026-03-03T01:16:59","guid":{"rendered":"https:\/\/elpregonerodezamora.com\/?p=21672"},"modified":"2026-03-03T01:17:00","modified_gmt":"2026-03-03T01:17:00","slug":"el-18-de-abril-se-inaugurara-el-teleferico-de-uruapan-bedolla","status":"publish","type":"post","link":"https:\/\/elpregonerodezamora.com\/index.php\/2026\/03\/03\/el-18-de-abril-se-inaugurara-el-teleferico-de-uruapan-bedolla\/","title":{"rendered":"El 18 de abril se inaugurar\u00e1 el telef\u00e9rico de Uruapan: Bedolla"},"content":{"rendered":"\n<p style=\"font-size:25px\"><strong><em>Con inversi\u00f3n de 3 mil 200 mdp sin generar deuda p\u00fablica<\/em><\/strong><\/p>\n\n\n\n<p><strong>Morelia, Michoac\u00e1n, 2 de marzo de 2026.- El pr\u00f3ximo 18 de abril ser\u00e1 inaugurado el telef\u00e9rico de Uruapan, una obra en la que el Gobierno estatal invierte 3 mil 200 millones de pesos sin generar deuda p\u00fablica y que beneficiar\u00e1 a m\u00e1s de 118 mil habitantes, as\u00ed lo se\u00f1al\u00f3 el gobernador Alfredo Ram\u00edrez Bedolla.<\/strong><\/p>\n\n\n\n<p><strong>Detall\u00f3 que despu\u00e9s de d\u00e9cadas de desorden urbano y de abandono al transporte digno, se pondr\u00e1 en marcha este sistema de transporte \u00e1gil y seguro, cuyo trayecto de 8.4 kil\u00f3metros podr\u00e1 recorrerse en aproximadamente 30 minutos.<\/strong><\/p>\n\n\n\n<p><strong>Refiri\u00f3 que de manera complementaria al telef\u00e9rico, se invirtieron 130 millones de pesos en la rehabilitaci\u00f3n de ocho calles, ocho cruces seguros, un skatepark, sendero seguro, espacio cultural, unidad deportiva, comedor comunitario y un espacio de recreaci\u00f3n.<\/strong><\/p>\n\n\n\n<p><strong>Ram\u00edrez Bedolla explic\u00f3 que para acceder al telef\u00e9rico, una semana antes de la inauguraci\u00f3n se pondr\u00e1n a la venta las tarjetas de prepago para los usuarios, las cuales estar\u00e1n disponibles en tiendas de conveniencia y en las estaciones. Mientras que para las personas con discapacidad, el servicio ser\u00e1 gratuito.<\/strong><\/p>\n\n\n\n<p><strong>En tanto Gladyz Butanda Mac\u00edas, secretaria de Desarrollo Urbano y Movilidad, indic\u00f3 que la obra comprende una superficie de construcci\u00f3n de 8.4 kil\u00f3metros, seis estaciones, 48 torres y 91 cabinas.<\/strong><\/p>\n\n\n\n<p><strong>Manifest\u00f3 que para el 8 de marzo se realizar\u00e1 una supervisi\u00f3n para la certificaci\u00f3n europea T\u00dcV, con lo cual se acreditar\u00e1 la seguridad de su operaci\u00f3n.<\/strong><\/p>\n\n\n\n<p><strong>Refiri\u00f3 que de manera directa con el telef\u00e9rico se beneficiar\u00e1n ocho mil unidades econ\u00f3micas, 92 instituciones educativas y 76 centros culturales y deportivos.<\/strong><\/p>\n","protected":false},"excerpt":{"rendered":"<p>Con inversi\u00f3n de 3 mil 200 mdp sin generar deuda p\u00fablica Morelia, Michoac\u00e1n, 2 de marzo de 2026.- El pr\u00f3ximo 18 de abril ser\u00e1 inaugurado el telef\u00e9rico de Uruapan, una obra en la que el Gobierno estatal invierte 3 mil 200 millones de pesos sin generar deuda p\u00fablica y que beneficiar\u00e1 a m\u00e1s de 118 [&hellip;]<\/p>\n","protected":false},"author":2,"featured_media":21673,"comment_status":"open","ping_status":"open","sticky":false,"template":"","format":"standard","meta":{"footnotes":"","_rishi_post_view_count":97},"categories":[6],"tags":[],"class_list":["post-21672","post","type-post","status-publish","format-standard","has-post-thumbnail","hentry","category-michoacan"],"comments_count":"0","_links":{"self":[{"href":"https:\/\/elpregonerodezamora.com\/index.php\/wp-json\/wp\/v2\/posts\/21672","targetHints":{"allow":["GET"]}}],"collection":[{"href":"https:\/\/elpregonerodezamora.com\/index.php\/wp-json\/wp\/v2\/posts"}],"about":[{"href":"https:\/\/elpregonerodezamora.com\/index.php\/wp-json\/wp\/v2\/types\/post"}],"author":[{"embeddable":true,"href":"https:\/\/elpregonerodezamora.com\/index.php\/wp-json\/wp\/v2\/users\/2"}],"replies":[{"embeddable":true,"href":"https:\/\/elpregonerodezamora.com\/index.php\/wp-json\/wp\/v2\/comments?post=21672"}],"version-history":[{"count":1,"href":"https:\/\/elpregonerodezamora.com\/index.php\/wp-json\/wp\/v2\/posts\/21672\/revisions"}],"predecessor-version":[{"id":21674,"href":"https:\/\/elpregonerodezamora.com\/index.php\/wp-json\/wp\/v2\/posts\/21672\/revisions\/21674"}],"wp:featuredmedia":[{"embeddable":true,"href":"https:\/\/elpregonerodezamora.com\/index.php\/wp-json\/wp\/v2\/media\/21673"}],"wp:attachment":[{"href":"https:\/\/elpregonerodezamora.com\/index.php\/wp-json\/wp\/v2\/media?parent=21672"}],"wp:term":[{"taxonomy":"category","embeddable":true,"href":"https:\/\/elpregonerodezamora.com\/index.php\/wp-json\/wp\/v2\/categories?post=21672"},{"taxonomy":"post_tag","embeddable":true,"href":"https:\/\/elpregonerodezamora.com\/index.php\/wp-json\/wp\/v2\/tags?post=21672"}],"curies":[{"name":"wp","href":"https:\/\/api.w.org\/{rel}","templated":true}]}}