{"id":21669,"date":"2026-03-03T01:04:09","date_gmt":"2026-03-03T01:04:09","guid":{"rendered":"https:\/\/elpregonerodezamora.com\/?p=21669"},"modified":"2026-03-03T01:04:10","modified_gmt":"2026-03-03T01:04:10","slug":"el-poder-de-la-juventud-es-el-factor-para-consolidar-la-transformacion-de-michoacan-moron","status":"publish","type":"post","link":"https:\/\/elpregonerodezamora.com\/index.php\/2026\/03\/03\/el-poder-de-la-juventud-es-el-factor-para-consolidar-la-transformacion-de-michoacan-moron\/","title":{"rendered":"\u201cEl poder de la juventud es el factor para consolidar la transformaci\u00f3n de Michoac\u00e1n\u201d: Mor\u00f3n"},"content":{"rendered":"\n<p style=\"font-size:25px\"><strong>* J\u00f3venes de toda la entidad respondieron al llamado a la unidad del senador y participaron en un evento masivo en Huandacareo_<\/strong><\/p>\n\n\n\n<p><strong>Huandacareo, Mich., a 02 de marzo de 2026.-<\/strong> <strong>\u201cEl poder de la juventud no es solo el futuro, es el motor que hoy consolida la transformaci\u00f3n de Michoac\u00e1n. Su energ\u00eda, su visi\u00f3n fresca y esa rebeld\u00eda necesaria son las que mantienen vivo y fuerte a nuestro movimiento\u201d, afirm\u00f3 de manera contundente el senador de Morena, Ra\u00fal Mor\u00f3n Orozco.<\/strong><\/p>\n\n\n\n<p><strong>En un vibrante encuentro que congreg\u00f3 a j\u00f3venes de todas regiones del estado, el legislador michoacano destac\u00f3 que la participaci\u00f3n activa de las nuevas generaciones es el factor determinante para garantizar la continuidad del proyecto de naci\u00f3n.<\/strong><\/p>\n\n\n\n<p><strong>Durante la jornada en Huandacareo, que incluy\u00f3 actividades de expresi\u00f3n y din\u00e1micas de integraci\u00f3n, Mor\u00f3n subray\u00f3 que la inteligencia y creatividad de los j\u00f3venes michoacanos debe volcarse a la soluci\u00f3n de los retos actuales.<\/strong><\/p>\n\n\n\n<p><strong>\u201cLas y los j\u00f3venes deben ser agentes de cambio, no espectadores de la historia. La riqueza m\u00e1s grande de un ser humano es su juventud; \u00fasenla para cuestionar, para proponer y para construir una sociedad m\u00e1s justa a trav\u00e9s del deporte, la cultura y la organizaci\u00f3n pol\u00edtica\u201d, alent\u00f3 el senador.<\/strong><\/p>\n\n\n\n<p><strong>El senador enfatiz\u00f3 en que el estado requiere de la vitalidad de los j\u00f3venes para dar soluci\u00f3n a los retos que enfrenta, por lo que los convoc\u00f3 a empoderarse y asumirse como l\u00edderes sociales.<\/strong><\/p>\n\n\n\n<p><strong>Finalmente, Ra\u00fal Mor\u00f3n hizo un llamado a la unidad generacional, asegurando que el relevo en Michoac\u00e1n est\u00e1 garantizado por una juventud consciente, preparada y, sobre todo, profundamente comprometida con el pueblo organizado.<\/strong><\/p>\n","protected":false},"excerpt":{"rendered":"<p>* J\u00f3venes de toda la entidad respondieron al llamado a la unidad del senador y participaron en un evento masivo en Huandacareo_ Huandacareo, Mich., a 02 de marzo de 2026.- \u201cEl poder de la juventud no es solo el futuro, es el motor que hoy consolida la transformaci\u00f3n de Michoac\u00e1n. Su energ\u00eda, su visi\u00f3n fresca [&hellip;]<\/p>\n","protected":false},"author":2,"featured_media":21670,"comment_status":"open","ping_status":"open","sticky":false,"template":"","format":"standard","meta":{"footnotes":"","_rishi_post_view_count":86},"categories":[197],"tags":[],"class_list":["post-21669","post","type-post","status-publish","format-standard","has-post-thumbnail","hentry","category-politica"],"comments_count":"0","_links":{"self":[{"href":"https:\/\/elpregonerodezamora.com\/index.php\/wp-json\/wp\/v2\/posts\/21669","targetHints":{"allow":["GET"]}}],"collection":[{"href":"https:\/\/elpregonerodezamora.com\/index.php\/wp-json\/wp\/v2\/posts"}],"about":[{"href":"https:\/\/elpregonerodezamora.com\/index.php\/wp-json\/wp\/v2\/types\/post"}],"author":[{"embeddable":true,"href":"https:\/\/elpregonerodezamora.com\/index.php\/wp-json\/wp\/v2\/users\/2"}],"replies":[{"embeddable":true,"href":"https:\/\/elpregonerodezamora.com\/index.php\/wp-json\/wp\/v2\/comments?post=21669"}],"version-history":[{"count":1,"href":"https:\/\/elpregonerodezamora.com\/index.php\/wp-json\/wp\/v2\/posts\/21669\/revisions"}],"predecessor-version":[{"id":21671,"href":"https:\/\/elpregonerodezamora.com\/index.php\/wp-json\/wp\/v2\/posts\/21669\/revisions\/21671"}],"wp:featuredmedia":[{"embeddable":true,"href":"https:\/\/elpregonerodezamora.com\/index.php\/wp-json\/wp\/v2\/media\/21670"}],"wp:attachment":[{"href":"https:\/\/elpregonerodezamora.com\/index.php\/wp-json\/wp\/v2\/media?parent=21669"}],"wp:term":[{"taxonomy":"category","embeddable":true,"href":"https:\/\/elpregonerodezamora.com\/index.php\/wp-json\/wp\/v2\/categories?post=21669"},{"taxonomy":"post_tag","embeddable":true,"href":"https:\/\/elpregonerodezamora.com\/index.php\/wp-json\/wp\/v2\/tags?post=21669"}],"curies":[{"name":"wp","href":"https:\/\/api.w.org\/{rel}","templated":true}]}}