{"id":21653,"date":"2026-02-25T19:03:46","date_gmt":"2026-02-25T19:03:46","guid":{"rendered":"https:\/\/elpregonerodezamora.com\/?p=21653"},"modified":"2026-02-25T19:03:46","modified_gmt":"2026-02-25T19:03:46","slug":"pedro-minero-paz-es-reconocido-como-orgullo-uveg","status":"publish","type":"post","link":"https:\/\/elpregonerodezamora.com\/index.php\/2026\/02\/25\/pedro-minero-paz-es-reconocido-como-orgullo-uveg\/","title":{"rendered":"Pedro Minero Paz, es reconocido como Orgullo UVEG&#8230;"},"content":{"rendered":"\n<p style=\"font-size:25px\"><strong>En la Revista Egresados de la Universidad Virtual del Estado de Guanajuato<\/strong><\/p>\n\n\n\n<p><\/p>\n\n\n\n<p><strong><em>* Pedro Minero Paz, de la Maestr\u00eda en Administraci\u00f3n y Pol\u00edticas P\u00fablicas con enfoque en Gesti\u00f3n Gubernamental<\/em><\/strong><\/p>\n\n\n\n<p><strong>La Universidad Virtual del Estado de Guanajuato (UVEG), reconoci\u00f3 a Pedro Minero Paz, egresado zamorano de esta instituci\u00f3n, de la Maestr\u00eda en Administraci\u00f3n y Pol\u00edticas P\u00fablicas con enfoque en Gesti\u00f3n Gubernamental, por su exitosa trayectoria como Orgullo UVEG.<\/strong><\/p>\n\n\n\n<p><strong>Es por ello que durante el pasado mes de Febrero del 2026, en la revista n\u00famero 2 Egresados UVEG, se public\u00f3 una semblanza de Minero Paz, dentro de la Secci\u00f3n Trayectorias Exitosas Orgullo UVEG Egresados y Egresadas que inspiran.<\/strong><\/p>\n\n\n\n<p><strong>El personal del Programa de Identidad y Seguimiento de Egresados UVEG, hizo la valoraci\u00f3n del Curr\u00edculum V\u00edtae del graduado zamorano, de un total de 800 documentos de vida, que tienen actualizados de la Comunidad Activa de Egresados.<\/strong><\/p>\n\n\n\n<p><strong>De acuerdo con la propia revista, el michoacano es un embajador y un representante activo de la universidad en esta regi\u00f3n, como parte de esas historias que inspiran, debido que pertenece a una zona donde los investidos de esta instituci\u00f3n son contados.<\/strong><\/p>\n\n\n\n<p><strong>En dicha publicaci\u00f3n, este centro acad\u00e9mico con sede en Pur\u00edsima del Rinc\u00f3n, Guanajuato, resalt\u00f3 que el egresado destacado \u201crepresenta con orgullo los valores de la UVEG, siendo un ejemplo inspirador para la comunidad de egresados y egresadas que contin\u00faan trasformando su entorno a trav\u00e9s del conocimiento\u201d.<\/strong><\/p>\n\n\n\n<p><strong>Cabe recordar que, en 2023, Pedro gan\u00f3 el Concurso de Ensayo \u201cJuntos por una cultura de paz\u201d, organizado por la Sociedad Mexicana de Geograf\u00eda y Estad\u00edstica Corresponsal\u00eda Zamora Lic. Alfonso Garc\u00eda Robles, El Colegio de Michoac\u00e1n a trav\u00e9s de la Red de Estudios sobre Espacios Carcelarios y el Ayuntamiento de Zamora.<\/strong><\/p>\n\n\n\n<p><strong>En este evento particip\u00f3 como representante de la UVEG, por lo que adem\u00e1s de recibir el premio correspondiente, los organizadores determinaron otorgar un reconocimiento a las instituciones que fueron representadas, mismo que se les hizo llegar, como part\u00edcipes de este logro.<\/strong><\/p>\n\n\n\n<p><strong>Esta revista editada por la instituci\u00f3n guanajuatense de nivel superior, se publica de manera mensual, y se hace llegar a m\u00e1s de 6 mil 280 egresados de todos los estados de la Rep\u00fablica Mexicana, as\u00ed como a quienes en su momento fueron estudiantes y que radican en el extranjero.<\/strong><\/p>\n","protected":false},"excerpt":{"rendered":"<p>En la Revista Egresados de la Universidad Virtual del Estado de Guanajuato * Pedro Minero Paz, de la Maestr\u00eda en Administraci\u00f3n y Pol\u00edticas P\u00fablicas con enfoque en Gesti\u00f3n Gubernamental La Universidad Virtual del Estado de Guanajuato (UVEG), reconoci\u00f3 a Pedro Minero Paz, egresado zamorano de esta instituci\u00f3n, de la Maestr\u00eda en Administraci\u00f3n y Pol\u00edticas P\u00fablicas [&hellip;]<\/p>\n","protected":false},"author":2,"featured_media":21654,"comment_status":"open","ping_status":"open","sticky":false,"template":"","format":"standard","meta":{"footnotes":"","_rishi_post_view_count":119},"categories":[8],"tags":[588],"class_list":["post-21653","post","type-post","status-publish","format-standard","has-post-thumbnail","hentry","category-zamora","tag-pedro-minero-paz"],"comments_count":"0","_links":{"self":[{"href":"https:\/\/elpregonerodezamora.com\/index.php\/wp-json\/wp\/v2\/posts\/21653","targetHints":{"allow":["GET"]}}],"collection":[{"href":"https:\/\/elpregonerodezamora.com\/index.php\/wp-json\/wp\/v2\/posts"}],"about":[{"href":"https:\/\/elpregonerodezamora.com\/index.php\/wp-json\/wp\/v2\/types\/post"}],"author":[{"embeddable":true,"href":"https:\/\/elpregonerodezamora.com\/index.php\/wp-json\/wp\/v2\/users\/2"}],"replies":[{"embeddable":true,"href":"https:\/\/elpregonerodezamora.com\/index.php\/wp-json\/wp\/v2\/comments?post=21653"}],"version-history":[{"count":1,"href":"https:\/\/elpregonerodezamora.com\/index.php\/wp-json\/wp\/v2\/posts\/21653\/revisions"}],"predecessor-version":[{"id":21655,"href":"https:\/\/elpregonerodezamora.com\/index.php\/wp-json\/wp\/v2\/posts\/21653\/revisions\/21655"}],"wp:featuredmedia":[{"embeddable":true,"href":"https:\/\/elpregonerodezamora.com\/index.php\/wp-json\/wp\/v2\/media\/21654"}],"wp:attachment":[{"href":"https:\/\/elpregonerodezamora.com\/index.php\/wp-json\/wp\/v2\/media?parent=21653"}],"wp:term":[{"taxonomy":"category","embeddable":true,"href":"https:\/\/elpregonerodezamora.com\/index.php\/wp-json\/wp\/v2\/categories?post=21653"},{"taxonomy":"post_tag","embeddable":true,"href":"https:\/\/elpregonerodezamora.com\/index.php\/wp-json\/wp\/v2\/tags?post=21653"}],"curies":[{"name":"wp","href":"https:\/\/api.w.org\/{rel}","templated":true}]}}