{"id":21632,"date":"2026-02-24T23:39:01","date_gmt":"2026-02-24T23:39:01","guid":{"rendered":"https:\/\/elpregonerodezamora.com\/?p=21632"},"modified":"2026-02-24T23:39:02","modified_gmt":"2026-02-24T23:39:02","slug":"honor-y-respeto-a-nuestro-labaro-patrio","status":"publish","type":"post","link":"https:\/\/elpregonerodezamora.com\/index.php\/2026\/02\/24\/honor-y-respeto-a-nuestro-labaro-patrio\/","title":{"rendered":"\u00a1Honor y respeto a nuestro l\u00e1baro patrio!"},"content":{"rendered":"\n<p style=\"font-size:25px\"><strong>Hoy 24 de febrero conmemoramos el D\u00eda de la Bandera, <img loading=\"lazy\" decoding=\"async\" height=\"16\" width=\"16\" src=\"https:\/\/static.xx.fbcdn.net\/images\/emoji.php\/v9\/tf4\/1\/16\/2728.png\" alt=\"\u2728\"><img loading=\"lazy\" decoding=\"async\" height=\"16\" width=\"16\" src=\"https:\/\/static.xx.fbcdn.net\/images\/emoji.php\/v9\/t50\/1\/16\/1f1f2_1f1fd.png\" alt=\"\ud83c\uddf2\ud83c\uddfd\"><\/strong><\/p>\n\n\n\n<p><strong><em>Uno de los s\u00edmbolos m\u00e1s representativos de nuestra identidad nacional. <img loading=\"lazy\" decoding=\"async\" height=\"16\" width=\"16\" src=\"https:\/\/static.xx.fbcdn.net\/images\/emoji.php\/v9\/t5b\/1\/16\/270b_1f3fb.png\" alt=\"\u270b\ud83c\udffb\"> En esta fecha reafirmamos nuestro compromiso de servir con responsabilidad, respeto y lealtad a nuestra patria, trabajando siempre por el bienestar de las familias tangancicuarenses.<\/em><\/strong><\/p>\n\n\n\n<p style=\"font-size:25px\"><a href=\"https:\/\/www.facebook.com\/hashtag\/municipioqueinspira?__eep__=6&amp;__cft__[0]=AZYqPmFLz5JeAaLUnJE_Xzp1WmCu6Fbk4xdsyf80MR9z76ldyJXNdTemLlNyGvzgh6fJWw0A5iBPVA7geJt9jEayPgIudjpiFIYivn1fiujv-FMMhqcH3QHrBvKb5OLjZHa7Il07QP58zUW66ldE1JtGjmnpqLEDlWQGfOMJmN0cZc_Q1QeAfe9ovjAzyKvfAtw&amp;__tn__=*NK-R\"><strong>#MunicipioQueInspira<\/strong><\/a><\/p>\n","protected":false},"excerpt":{"rendered":"<p>Hoy 24 de febrero conmemoramos el D\u00eda de la Bandera, Uno de los s\u00edmbolos m\u00e1s representativos de nuestra identidad nacional. En esta fecha reafirmamos nuestro compromiso de servir con responsabilidad, respeto y lealtad a nuestra patria, trabajando siempre por el bienestar de las familias tangancicuarenses. #MunicipioQueInspira<\/p>\n","protected":false},"author":2,"featured_media":21633,"comment_status":"open","ping_status":"open","sticky":false,"template":"","format":"standard","meta":{"footnotes":"","_rishi_post_view_count":102},"categories":[30],"tags":[],"class_list":["post-21632","post","type-post","status-publish","format-standard","has-post-thumbnail","hentry","category-tangancicuaro"],"comments_count":"0","_links":{"self":[{"href":"https:\/\/elpregonerodezamora.com\/index.php\/wp-json\/wp\/v2\/posts\/21632","targetHints":{"allow":["GET"]}}],"collection":[{"href":"https:\/\/elpregonerodezamora.com\/index.php\/wp-json\/wp\/v2\/posts"}],"about":[{"href":"https:\/\/elpregonerodezamora.com\/index.php\/wp-json\/wp\/v2\/types\/post"}],"author":[{"embeddable":true,"href":"https:\/\/elpregonerodezamora.com\/index.php\/wp-json\/wp\/v2\/users\/2"}],"replies":[{"embeddable":true,"href":"https:\/\/elpregonerodezamora.com\/index.php\/wp-json\/wp\/v2\/comments?post=21632"}],"version-history":[{"count":1,"href":"https:\/\/elpregonerodezamora.com\/index.php\/wp-json\/wp\/v2\/posts\/21632\/revisions"}],"predecessor-version":[{"id":21634,"href":"https:\/\/elpregonerodezamora.com\/index.php\/wp-json\/wp\/v2\/posts\/21632\/revisions\/21634"}],"wp:featuredmedia":[{"embeddable":true,"href":"https:\/\/elpregonerodezamora.com\/index.php\/wp-json\/wp\/v2\/media\/21633"}],"wp:attachment":[{"href":"https:\/\/elpregonerodezamora.com\/index.php\/wp-json\/wp\/v2\/media?parent=21632"}],"wp:term":[{"taxonomy":"category","embeddable":true,"href":"https:\/\/elpregonerodezamora.com\/index.php\/wp-json\/wp\/v2\/categories?post=21632"},{"taxonomy":"post_tag","embeddable":true,"href":"https:\/\/elpregonerodezamora.com\/index.php\/wp-json\/wp\/v2\/tags?post=21632"}],"curies":[{"name":"wp","href":"https:\/\/api.w.org\/{rel}","templated":true}]}}