{"id":21604,"date":"2026-02-20T23:54:45","date_gmt":"2026-02-20T23:54:45","guid":{"rendered":"https:\/\/elpregonerodezamora.com\/?p=21604"},"modified":"2026-02-20T23:54:46","modified_gmt":"2026-02-20T23:54:46","slug":"conmemora-tangancicuaro-el-dia-internacional-de-la-lengua-materna","status":"publish","type":"post","link":"https:\/\/elpregonerodezamora.com\/index.php\/2026\/02\/20\/conmemora-tangancicuaro-el-dia-internacional-de-la-lengua-materna\/","title":{"rendered":"Conmemora Tanganc\u00edcuaro el D\u00eda Internacional de la Lengua Materna."},"content":{"rendered":"\n<p><strong>Redacci\u00f3n \/ El Pregonero TV<\/strong><\/p>\n\n\n\n<p><strong>Tanganc\u00edcuaro, Mich., 20\/febrero\/2026.- En el marco del D\u00eda Internacional de la Lengua Materna, autoridades municipales, educativas y c\u00edvicas, encabezadas por el Presidente Municipal de Tanganc\u00edcuaro, Arturo Hern\u00e1ndez, realizaron un acto c\u00edvico conmemorativo organizado por la Zona Escolar 208L de Educaci\u00f3n Inicial y Preescolar.<\/strong><\/p>\n\n\n\n<p><strong>Durante la ceremonia se rindieron honores a la bandera pur\u00e9pecha, con la participaci\u00f3n de la escolta y banda de guerra del Colegio de Estudios Cient\u00edficos y Tecnol\u00f3gicos del Estado de Michoac\u00e1n (CECyTE) Plantel 22, fortaleciendo el sentido de identidad y respeto por las ra\u00edces culturales del municipio.<\/strong><\/p>\n\n\n\n<p><strong>En su mensaje, el Alcalde expres\u00f3: \u201cnuestra lengua pur\u00e9pecha es parte de nuestra esencia, es parte de nuestras ra\u00edces\u201d. Destac\u00f3 que, de los 23 millones de mexicanos que se consideran ind\u00edgenas, alrededor de 147 mil hablan pur\u00e9pecha, lo que subraya la importancia de impulsar estrategias que fomenten y preserven su uso entre las nuevas generaciones.<\/strong><\/p>\n\n\n\n<p><strong>Por su parte, la Supervisora Escolar, Esvelia Reyes Flores, se\u00f1al\u00f3 que el acto tuvo como objetivo promover la diversidad ling\u00fc\u00edstica y cultural, as\u00ed como conservar y proteger las lenguas originarias. Record\u00f3 que fue el 21 de febrero del a\u00f1o 2000 cuando se conmemor\u00f3 por primera vez esta fecha, convirti\u00e9ndose en una oportunidad para que las comunidades originarias se sientan orgullosas de su identidad.<\/strong><\/p>\n\n\n\n<p><strong>Como parte del programa cultural, el personal docente del Centro Preescolar Tsinarikua present\u00f3 la danza \u201cArriba Pich\u00e1taro\u201d; el Centro Preescolar \u201cAmanecer\u201d de Los Lobos declam\u00f3 la poes\u00eda \u201cJuchari Uandakua Uarixati\u201d; el Centro Preescolar Cuitl\u00e1huac de Patamban ofreci\u00f3 la Danza de las Aguadoras; mientras que el Centro Preescolar Jos\u00e9 Vasconcelos de Ruiz Cortines interpret\u00f3 un ramillete de pirekuas. La \u00faltima presentaci\u00f3n estuvo a cargo de la Danza Regional de Acachu\u00e9n, con un n\u00famero alusivo al D\u00eda de la Candelaria.<\/strong><\/p>\n","protected":false},"excerpt":{"rendered":"<p>Redacci\u00f3n \/ El Pregonero TV Tanganc\u00edcuaro, Mich., 20\/febrero\/2026.- En el marco del D\u00eda Internacional de la Lengua Materna, autoridades municipales, educativas y c\u00edvicas, encabezadas por el Presidente Municipal de Tanganc\u00edcuaro, Arturo Hern\u00e1ndez, realizaron un acto c\u00edvico conmemorativo organizado por la Zona Escolar 208L de Educaci\u00f3n Inicial y Preescolar. Durante la ceremonia se rindieron honores a [&hellip;]<\/p>\n","protected":false},"author":2,"featured_media":21605,"comment_status":"open","ping_status":"open","sticky":false,"template":"","format":"standard","meta":{"footnotes":"","_rishi_post_view_count":108},"categories":[30],"tags":[],"class_list":["post-21604","post","type-post","status-publish","format-standard","has-post-thumbnail","hentry","category-tangancicuaro"],"comments_count":"0","_links":{"self":[{"href":"https:\/\/elpregonerodezamora.com\/index.php\/wp-json\/wp\/v2\/posts\/21604","targetHints":{"allow":["GET"]}}],"collection":[{"href":"https:\/\/elpregonerodezamora.com\/index.php\/wp-json\/wp\/v2\/posts"}],"about":[{"href":"https:\/\/elpregonerodezamora.com\/index.php\/wp-json\/wp\/v2\/types\/post"}],"author":[{"embeddable":true,"href":"https:\/\/elpregonerodezamora.com\/index.php\/wp-json\/wp\/v2\/users\/2"}],"replies":[{"embeddable":true,"href":"https:\/\/elpregonerodezamora.com\/index.php\/wp-json\/wp\/v2\/comments?post=21604"}],"version-history":[{"count":1,"href":"https:\/\/elpregonerodezamora.com\/index.php\/wp-json\/wp\/v2\/posts\/21604\/revisions"}],"predecessor-version":[{"id":21606,"href":"https:\/\/elpregonerodezamora.com\/index.php\/wp-json\/wp\/v2\/posts\/21604\/revisions\/21606"}],"wp:featuredmedia":[{"embeddable":true,"href":"https:\/\/elpregonerodezamora.com\/index.php\/wp-json\/wp\/v2\/media\/21605"}],"wp:attachment":[{"href":"https:\/\/elpregonerodezamora.com\/index.php\/wp-json\/wp\/v2\/media?parent=21604"}],"wp:term":[{"taxonomy":"category","embeddable":true,"href":"https:\/\/elpregonerodezamora.com\/index.php\/wp-json\/wp\/v2\/categories?post=21604"},{"taxonomy":"post_tag","embeddable":true,"href":"https:\/\/elpregonerodezamora.com\/index.php\/wp-json\/wp\/v2\/tags?post=21604"}],"curies":[{"name":"wp","href":"https:\/\/api.w.org\/{rel}","templated":true}]}}