{"id":21590,"date":"2026-02-19T23:24:39","date_gmt":"2026-02-19T23:24:39","guid":{"rendered":"https:\/\/elpregonerodezamora.com\/?p=21590"},"modified":"2026-02-19T23:24:40","modified_gmt":"2026-02-19T23:24:40","slug":"unidos-por-el-bienestar-de-quienes-mas-lo-necesitan-dif-tangancicuaro-entrega-aparatos-funcionales-a-adultos-mayores","status":"publish","type":"post","link":"https:\/\/elpregonerodezamora.com\/index.php\/2026\/02\/19\/unidos-por-el-bienestar-de-quienes-mas-lo-necesitan-dif-tangancicuaro-entrega-aparatos-funcionales-a-adultos-mayores\/","title":{"rendered":"Unidos por el bienestar de quienes m\u00e1s lo necesitan: DIF Tanganc\u00edcuaro entrega aparatos funcionales a adultos mayores."},"content":{"rendered":"\n<p><strong>Tanganc\u00edcuaro, Michoac\u00e1n a 18 de febrero de 2026.- Con el firme compromiso de brindar apoyo y mejorar la calidad de vida de los sectores m\u00e1s vulnerables del municipio, la Presidenta del Sistema DIF Tanganc\u00edcuaro, Elsi Mart\u00ednez, en compa\u00f1\u00eda del Presidente Municipal, Arturo Hern\u00e1ndez, encabez\u00f3 la entrega de aparatos funcionales a adultos mayores en situaci\u00f3n vulnerable.<\/strong><\/p>\n\n\n\n<p><strong>Esta importante acci\u00f3n fue posible gracias al donativo de 70 mil pesos otorgado por integrantes de la organizaci\u00f3n biker \u201cLa Catrina\u201d, monto que se logr\u00f3 recaudar durante la 5ta. Concentraci\u00f3n Nacional de Motociclistas realizada los d\u00edas 7, 8 y 9 de noviembre en las inmediaciones del Lago de Cam\u00e9cuaro.<\/strong><\/p>\n\n\n\n<p><strong>Previo a la entrega, la titular del DIF expres\u00f3 su profundo agradecimiento a los representantes de los motoclubes por su generosidad y sentido social, destacando que su aportaci\u00f3n altruista permiti\u00f3 la adquisici\u00f3n de una amplia gama de aparatos funcionales y material para el \u00e1rea de rehabilitaci\u00f3n.<\/strong><\/p>\n\n\n\n<p><strong>Entre los apoyos entregados se encuentran sillas de ruedas, bastones de uno y cuatro puntos, andaderas, muletas, ba\u00f1os ortop\u00e9dicos y sillas para ducha, mismos que representan una herramienta indispensable para mejorar la movilidad, autonom\u00eda y dignidad de los beneficiarios.<\/strong><\/p>\n\n\n\n<p><strong>En su mensaje, el Alcalde Arturo Hern\u00e1ndez, reiter\u00f3 que el gobierno municipal mantiene total disposici\u00f3n para continuar trabajando de la mano con la sociedad civil organizada, fortaleciendo acciones que impacten positivamente en la poblaci\u00f3n que m\u00e1s lo necesita. Asimismo, precis\u00f3 que varios de los aparatos ya cuentan con beneficiarios asignados, mientras que otros permanecer\u00e1n en resguardo del DIF para ser otorgados en comodato a quienes los requieran de manera temporal.<\/strong><\/p>\n","protected":false},"excerpt":{"rendered":"<p>Tanganc\u00edcuaro, Michoac\u00e1n a 18 de febrero de 2026.- Con el firme compromiso de brindar apoyo y mejorar la calidad de vida de los sectores m\u00e1s vulnerables del municipio, la Presidenta del Sistema DIF Tanganc\u00edcuaro, Elsi Mart\u00ednez, en compa\u00f1\u00eda del Presidente Municipal, Arturo Hern\u00e1ndez, encabez\u00f3 la entrega de aparatos funcionales a adultos mayores en situaci\u00f3n vulnerable. [&hellip;]<\/p>\n","protected":false},"author":2,"featured_media":21591,"comment_status":"open","ping_status":"open","sticky":false,"template":"","format":"standard","meta":{"footnotes":"","_rishi_post_view_count":108},"categories":[30],"tags":[],"class_list":["post-21590","post","type-post","status-publish","format-standard","has-post-thumbnail","hentry","category-tangancicuaro"],"comments_count":"0","_links":{"self":[{"href":"https:\/\/elpregonerodezamora.com\/index.php\/wp-json\/wp\/v2\/posts\/21590","targetHints":{"allow":["GET"]}}],"collection":[{"href":"https:\/\/elpregonerodezamora.com\/index.php\/wp-json\/wp\/v2\/posts"}],"about":[{"href":"https:\/\/elpregonerodezamora.com\/index.php\/wp-json\/wp\/v2\/types\/post"}],"author":[{"embeddable":true,"href":"https:\/\/elpregonerodezamora.com\/index.php\/wp-json\/wp\/v2\/users\/2"}],"replies":[{"embeddable":true,"href":"https:\/\/elpregonerodezamora.com\/index.php\/wp-json\/wp\/v2\/comments?post=21590"}],"version-history":[{"count":1,"href":"https:\/\/elpregonerodezamora.com\/index.php\/wp-json\/wp\/v2\/posts\/21590\/revisions"}],"predecessor-version":[{"id":21592,"href":"https:\/\/elpregonerodezamora.com\/index.php\/wp-json\/wp\/v2\/posts\/21590\/revisions\/21592"}],"wp:featuredmedia":[{"embeddable":true,"href":"https:\/\/elpregonerodezamora.com\/index.php\/wp-json\/wp\/v2\/media\/21591"}],"wp:attachment":[{"href":"https:\/\/elpregonerodezamora.com\/index.php\/wp-json\/wp\/v2\/media?parent=21590"}],"wp:term":[{"taxonomy":"category","embeddable":true,"href":"https:\/\/elpregonerodezamora.com\/index.php\/wp-json\/wp\/v2\/categories?post=21590"},{"taxonomy":"post_tag","embeddable":true,"href":"https:\/\/elpregonerodezamora.com\/index.php\/wp-json\/wp\/v2\/tags?post=21590"}],"curies":[{"name":"wp","href":"https:\/\/api.w.org\/{rel}","templated":true}]}}