{"id":21584,"date":"2026-02-19T23:18:13","date_gmt":"2026-02-19T23:18:13","guid":{"rendered":"https:\/\/elpregonerodezamora.com\/?p=21584"},"modified":"2026-02-19T23:18:15","modified_gmt":"2026-02-19T23:18:15","slug":"mas-electrificacion-para-el-bienestar-de-nuestras-familias","status":"publish","type":"post","link":"https:\/\/elpregonerodezamora.com\/index.php\/2026\/02\/19\/mas-electrificacion-para-el-bienestar-de-nuestras-familias\/","title":{"rendered":"\u00a1M\u00e1s electrificaci\u00f3n para el bienestar de nuestras familias!"},"content":{"rendered":"\n<figure class=\"wp-block-image\"><img decoding=\"async\" src=\"https:\/\/static.xx.fbcdn.net\/images\/emoji.php\/v9\/tf4\/1\/16\/2728.png\" alt=\"\u2728\"\/><\/figure>\n\n\n\n<figure class=\"wp-block-image\"><img decoding=\"async\" src=\"https:\/\/static.xx.fbcdn.net\/images\/emoji.php\/v9\/t3c\/1\/16\/1f4a1.png\" alt=\"\ud83d\udca1\"\/><\/figure>\n\n\n\n<p><strong><em>Tanganbc\u00edcuaro, 19\/febrero\/2026.- Como parte del Plan Michoac\u00e1n por la Paz y la Justicia, nuestros amigos de la Comisi\u00f3n Federal de Electricidad <img loading=\"lazy\" decoding=\"async\" height=\"16\" width=\"16\" src=\"https:\/\/static.xx.fbcdn.net\/images\/emoji.php\/v9\/t17\/1\/16\/1f477_1f3fb_200d_2642.png\" alt=\"\ud83d\udc77\ud83c\udffb\u200d\u2642\ufe0f\"> (CFE) realizaron tres ampliaciones de electrificaci\u00f3n en la comunidad de Teng\u00fcecho, beneficiando a cerca de 30 viviendas. <img loading=\"lazy\" decoding=\"async\" height=\"16\" width=\"16\" src=\"https:\/\/static.xx.fbcdn.net\/images\/emoji.php\/v9\/tf6\/1\/16\/1f3e0.png\" alt=\"\ud83c\udfe0\"> Esta acci\u00f3n representa mejores condiciones de vida, mayor seguridad y nuevas oportunidades para las familias del lugar.<\/em><\/strong><\/p>\n\n\n\n<p><a href=\"https:\/\/www.facebook.com\/hashtag\/municipioqueinspira?__eep__=6&amp;__cft__[0]=AZbtI7GVXYJeZ4AQi5T92-6mZyGemxCetydQBqI9ZgP_gxjIAjudKmMNyOpXF_uM5q_FtAy_X1eYiOa6KM--Ca1upHHH6gwAvZ0a-LbT_ptsW_TnDn2HRGSqBMcxs3fHuDXtstPFVjBs_xUHHPezsVYZ7LBbfCuBKW7A4HRIVWTTJ7qTkckbyZHzuviYM7j_08c&amp;__tn__=*NK-R\"><strong>#MunicipioQueInspira<\/strong><\/a><\/p>\n","protected":false},"excerpt":{"rendered":"<p>Tanganbc\u00edcuaro, 19\/febrero\/2026.- Como parte del Plan Michoac\u00e1n por la Paz y la Justicia, nuestros amigos de la Comisi\u00f3n Federal de Electricidad (CFE) realizaron tres ampliaciones de electrificaci\u00f3n en la comunidad de Teng\u00fcecho, beneficiando a cerca de 30 viviendas. Esta acci\u00f3n representa mejores condiciones de vida, mayor seguridad y nuevas oportunidades para las familias del lugar. [&hellip;]<\/p>\n","protected":false},"author":2,"featured_media":21585,"comment_status":"open","ping_status":"open","sticky":false,"template":"","format":"standard","meta":{"footnotes":"","_rishi_post_view_count":106},"categories":[30],"tags":[],"class_list":["post-21584","post","type-post","status-publish","format-standard","has-post-thumbnail","hentry","category-tangancicuaro"],"comments_count":"0","_links":{"self":[{"href":"https:\/\/elpregonerodezamora.com\/index.php\/wp-json\/wp\/v2\/posts\/21584","targetHints":{"allow":["GET"]}}],"collection":[{"href":"https:\/\/elpregonerodezamora.com\/index.php\/wp-json\/wp\/v2\/posts"}],"about":[{"href":"https:\/\/elpregonerodezamora.com\/index.php\/wp-json\/wp\/v2\/types\/post"}],"author":[{"embeddable":true,"href":"https:\/\/elpregonerodezamora.com\/index.php\/wp-json\/wp\/v2\/users\/2"}],"replies":[{"embeddable":true,"href":"https:\/\/elpregonerodezamora.com\/index.php\/wp-json\/wp\/v2\/comments?post=21584"}],"version-history":[{"count":1,"href":"https:\/\/elpregonerodezamora.com\/index.php\/wp-json\/wp\/v2\/posts\/21584\/revisions"}],"predecessor-version":[{"id":21586,"href":"https:\/\/elpregonerodezamora.com\/index.php\/wp-json\/wp\/v2\/posts\/21584\/revisions\/21586"}],"wp:featuredmedia":[{"embeddable":true,"href":"https:\/\/elpregonerodezamora.com\/index.php\/wp-json\/wp\/v2\/media\/21585"}],"wp:attachment":[{"href":"https:\/\/elpregonerodezamora.com\/index.php\/wp-json\/wp\/v2\/media?parent=21584"}],"wp:term":[{"taxonomy":"category","embeddable":true,"href":"https:\/\/elpregonerodezamora.com\/index.php\/wp-json\/wp\/v2\/categories?post=21584"},{"taxonomy":"post_tag","embeddable":true,"href":"https:\/\/elpregonerodezamora.com\/index.php\/wp-json\/wp\/v2\/tags?post=21584"}],"curies":[{"name":"wp","href":"https:\/\/api.w.org\/{rel}","templated":true}]}}