{"id":21559,"date":"2026-02-17T19:59:16","date_gmt":"2026-02-17T19:59:16","guid":{"rendered":"https:\/\/elpregonerodezamora.com\/?p=21559"},"modified":"2026-02-17T19:59:16","modified_gmt":"2026-02-17T19:59:16","slug":"ampliaran-la-integracion-entre-mexico-y-canada","status":"publish","type":"post","link":"https:\/\/elpregonerodezamora.com\/index.php\/2026\/02\/17\/ampliaran-la-integracion-entre-mexico-y-canada\/","title":{"rendered":"Ampliar\u00e1n la integraci\u00f3n entre M\u00e9xico y Canad\u00e1"},"content":{"rendered":"\n<p><strong>Redacci\u00f3n.-<\/strong><\/p>\n\n\n\n<p><strong>Canad\u00e1, 17\/febrero\/2026.- Ante el actual contexto geopol\u00edtico y comercial, M\u00e9xico y Canad\u00e1 trabajan en un plan de acci\u00f3n para los pr\u00f3ximos a\u00f1os, con miras a aumentar su integraci\u00f3n econ\u00f3mica, inform\u00f3 Marcelo Ebrard, secretario de Econom\u00eda, quien asegur\u00f3: \u201cno estamos en una zona de confort como en el pasado\u201d.<\/strong><\/p>\n\n\n\n<p><strong>Luego de una reuni\u00f3n con empresarios canadienses, el funcionario explic\u00f3 que ese plan incluir\u00e1 temas como minerales, inversiones en puertos, infraestructura, seguridad de las cadenas de suministro y oportunidades para j\u00f3venes de ambos pa\u00edses, entre otros.<\/strong><\/p>\n\n\n\n<p><strong>\u201cEn los recientes 30 a\u00f1os, la relaci\u00f3n (comercial) entre M\u00e9xico y Canad\u00e1 ha crecido 12 veces; entonces, \u00bfqu\u00e9 tal si aceleramos?, porque eso hace sentido independientemente de lo que ser\u00e1 la revisi\u00f3n del T-MEC\u201d, apunt\u00f3.<\/strong><\/p>\n\n\n\n<p><strong>Las declaraciones del funcionario mexicano se dieron luego de una reuni\u00f3n con una delegaci\u00f3n de 370 empresarios canadienses, en el contexto de una relaci\u00f3n comercial cada vez m\u00e1s tirante con Estados Unidos, tambi\u00e9n firmante del tratado comercial de Am\u00e9rica del Norte (T-MEC).<\/strong><\/p>\n\n\n\n<p><strong>\u201cNo hay mejor momento que ahora para forjar estas nuevas alianzas\u201d, se\u00f1al\u00f3 Dominic LeBlanc, ministro de Comercio Canad\u00e1-Estados Unidos, Asuntos Intergubernamentales, Comercio Interior y Econom\u00eda.<\/strong><\/p>\n\n\n\n<p><strong>Ebrard asegur\u00f3 que Ottawa es un socio \u201cmuy confiable para M\u00e9xico\u201d, el cual le viene \u201cmuy bien\u201d a la econom\u00eda, en inversi\u00f3n y en comercio.<\/strong><\/p>\n\n\n\n<p><strong>En materia de minerales, el secretario resalt\u00f3 que si bien Canad\u00e1 tiene una gran experiencia y mucha tecnolog\u00eda, est\u00e1 por concretarse una \u201cinversi\u00f3n muy importante\u201d de una empresa mexicana (no revel\u00f3 el nombre) en la zona de Quebec.<\/strong><\/p>\n\n\n\n<p><strong>\u201cYa no s\u00f3lo es inversi\u00f3n canadiense en M\u00e9xico, sino que empieza a ser mexicana en aquella naci\u00f3n\u201d, apunt\u00f3.<\/strong><\/p>\n\n\n\n<p><strong>El segundo tema, a\u00f1adi\u00f3, son los procesos de refinaci\u00f3n de minerales, en los que Canad\u00e1 tiene una \u201cventaja muy grande\u201d sobre M\u00e9xico; sin embargo, dijo, nuestro pa\u00eds ya no quiere seguir solamente produciendo minerales, sino que tambi\u00e9n pretende procesarlos.<\/strong><\/p>\n\n\n\n<p><strong>La misi\u00f3n comercial fue conformada por 240 organizaciones y 370 l\u00edderes empresariales canadienses. Es una de las m\u00e1s grandes que ha visitado territorio mexicano y llega cuando Canad\u00e1 y M\u00e9xico revisan, junto con Estados Unidos, el T-MEC en medio de las tensiones provocadas por las amenazas arancelarias de Donald Trump.<\/strong><\/p>\n\n\n\n<p style=\"font-size:25px\"><strong>Mayor seguridad p\u00fablica<\/strong><\/p>\n\n\n\n<p><strong>Si bien LeBlanc apunt\u00f3 que no existe un mejor momento para forjar nuevas alianzas con M\u00e9xico, se\u00f1al\u00f3 que se necesita mayor seguridad. \u201cS\u00ed queremos que las inversiones y los empresarios sigan creciendo, ellos necesitan ver al gobierno trabajando en prioridades como esa\u201d, subray\u00f3.<\/strong><\/p>\n\n\n\n<p><strong>Hace unas semanas, el crimen organizado secuestr\u00f3 a trabajadores mineros de una compa\u00f1\u00eda canadiense que opera en M\u00e9xico. Las pesquisas del caso han confirmado la muerte de cinco de ellos.<\/strong><\/p>\n\n\n\n<p><strong>Al respecto, Marcelo Ebrard asegur\u00f3 que ese hecho, registrado en el estado de Sinaloa, no tiene por qu\u00e9 interferir en la relaci\u00f3n entre ambos pa\u00edses; sin embargo, consider\u00f3 \u201cinteligente incluir ese tema en el plan bilateral\u201d que se desarrollar\u00e1 en la segunda mitad del a\u00f1o.<\/strong><\/p>\n","protected":false},"excerpt":{"rendered":"<p>Redacci\u00f3n.- Canad\u00e1, 17\/febrero\/2026.- Ante el actual contexto geopol\u00edtico y comercial, M\u00e9xico y Canad\u00e1 trabajan en un plan de acci\u00f3n para los pr\u00f3ximos a\u00f1os, con miras a aumentar su integraci\u00f3n econ\u00f3mica, inform\u00f3 Marcelo Ebrard, secretario de Econom\u00eda, quien asegur\u00f3: \u201cno estamos en una zona de confort como en el pasado\u201d. Luego de una reuni\u00f3n con empresarios [&hellip;]<\/p>\n","protected":false},"author":2,"featured_media":21560,"comment_status":"open","ping_status":"open","sticky":false,"template":"","format":"standard","meta":{"footnotes":"","_rishi_post_view_count":111},"categories":[22],"tags":[],"class_list":["post-21559","post","type-post","status-publish","format-standard","has-post-thumbnail","hentry","category-internacionales"],"comments_count":"0","_links":{"self":[{"href":"https:\/\/elpregonerodezamora.com\/index.php\/wp-json\/wp\/v2\/posts\/21559","targetHints":{"allow":["GET"]}}],"collection":[{"href":"https:\/\/elpregonerodezamora.com\/index.php\/wp-json\/wp\/v2\/posts"}],"about":[{"href":"https:\/\/elpregonerodezamora.com\/index.php\/wp-json\/wp\/v2\/types\/post"}],"author":[{"embeddable":true,"href":"https:\/\/elpregonerodezamora.com\/index.php\/wp-json\/wp\/v2\/users\/2"}],"replies":[{"embeddable":true,"href":"https:\/\/elpregonerodezamora.com\/index.php\/wp-json\/wp\/v2\/comments?post=21559"}],"version-history":[{"count":1,"href":"https:\/\/elpregonerodezamora.com\/index.php\/wp-json\/wp\/v2\/posts\/21559\/revisions"}],"predecessor-version":[{"id":21561,"href":"https:\/\/elpregonerodezamora.com\/index.php\/wp-json\/wp\/v2\/posts\/21559\/revisions\/21561"}],"wp:featuredmedia":[{"embeddable":true,"href":"https:\/\/elpregonerodezamora.com\/index.php\/wp-json\/wp\/v2\/media\/21560"}],"wp:attachment":[{"href":"https:\/\/elpregonerodezamora.com\/index.php\/wp-json\/wp\/v2\/media?parent=21559"}],"wp:term":[{"taxonomy":"category","embeddable":true,"href":"https:\/\/elpregonerodezamora.com\/index.php\/wp-json\/wp\/v2\/categories?post=21559"},{"taxonomy":"post_tag","embeddable":true,"href":"https:\/\/elpregonerodezamora.com\/index.php\/wp-json\/wp\/v2\/tags?post=21559"}],"curies":[{"name":"wp","href":"https:\/\/api.w.org\/{rel}","templated":true}]}}