{"id":21553,"date":"2026-02-17T19:38:59","date_gmt":"2026-02-17T19:38:59","guid":{"rendered":"https:\/\/elpregonerodezamora.com\/?p=21553"},"modified":"2026-02-17T19:39:00","modified_gmt":"2026-02-17T19:39:00","slug":"michoacan-hace-historia-con-reforma-que-prohibe-contratacion-de-deuda-publica-bedolla","status":"publish","type":"post","link":"https:\/\/elpregonerodezamora.com\/index.php\/2026\/02\/17\/michoacan-hace-historia-con-reforma-que-prohibe-contratacion-de-deuda-publica-bedolla\/","title":{"rendered":"Michoac\u00e1n hace historia con reforma que proh\u00edbe contrataci\u00f3n de deuda p\u00fablica: Bedolla"},"content":{"rendered":"\n<p><strong>Redacci\u00f3n.-<\/strong><\/p>\n\n\n\n<p><strong>Morelia, Michoac\u00e1n, 17 de febrero de 2026.- \u201cEn Michoac\u00e1n estamos haciendo historia juntos y juntas\u201d, resalt\u00f3 el gobernador Alfredo Ram\u00edrez Bedolla al se\u00f1alar que, con la reforma constitucional aprobada por el Congreso local, el estado ya no contratar\u00e1 m\u00e1s deuda a largo plazo, garantizando as\u00ed estabilidad y transparencia financiera.<\/strong><\/p>\n\n\n\n<p><strong>Ante representantes de diversos sectores, comunidades originarias, asociaciones civiles y autoridades, el mandatario reconoci\u00f3 el trabajo de las diputadas y los diputados para poner fin a una inercia de al menos tres d\u00e9cadas de deuda. Explic\u00f3 que hoy s\u00ed alcanza el recurso p\u00fablico porque se administra con honestidad y valent\u00eda, demostrando que es posible impulsar el desarrollo de la entidad sin contratar deuda p\u00fablica; muestra de ello es la inversi\u00f3n de 40 mil millones de pesos realizada por el Gobierno estatal y destinada a infraestructura.<\/strong><\/p>\n\n\n\n<p><strong>\u201cDesde el primer d\u00eda de mi administraci\u00f3n, asum\u00ed el compromiso de sanear las finanzas p\u00fablicas desde la ra\u00edz, ordenando la administraci\u00f3n p\u00fablica con honestidad y sin corrupci\u00f3n\u201d, afirm\u00f3 el gobernador.<\/strong><\/p>\n\n\n\n<p><strong>Ram\u00edrez Bedolla indic\u00f3 que la estabilidad financiera del estado ahora permite el impulso de programas sociales, fortalece la infraestructura educativa, cumple puntualmente con los derechos laborales de las y los trabajadores del estado y permite avanzar en la liquidaci\u00f3n de cr\u00e9ditos heredados a proveedores y terceros institucionales.<\/strong><\/p>\n\n\n\n<p><strong>Detall\u00f3 que, durante d\u00e9cadas, la entidad sufri\u00f3 las consecuencias de decisiones administrativas equivocadas de otros gobiernos, ya que entre 1993 y 2021 la deuda p\u00fablica de Michoac\u00e1n creci\u00f3 hasta los 22 mil millones de pesos; tan solo en los \u00faltimos tres a\u00f1os, se han destinado cerca de 20 mil millones de pesos al pago de cr\u00e9ditos contratados en el pasado.<\/strong><\/p>\n\n\n\n<p><strong>Al evento asistieron el diputado Baltazar Gaona Garc\u00eda, presidente de la Mesa Directiva del Congreso; Hugo Alberto Gama Coria, presidente del Poder Judicial del Estado; Luis Navarro Garc\u00eda, secretario de Finanzas y Administraci\u00f3n; y Fabiola Alan\u00eds S\u00e1mano, presidenta de la Junta de Coordinaci\u00f3n Pol\u00edtica y coordinadora del Grupo Parlamentario de Morena.<\/strong><\/p>\n\n\n\n<p><strong>Tambi\u00e9n estuvieron presentes la diputada Sandra Mar\u00eda Arreola, coordinadora del Grupo Parlamentario del PVEM; J. Reyes Galindo Pedraza, coordinador del Grupo Parlamentario del PT; Jos\u00e9 Antonio Salas Valencia, coordinador del Grupo Parlamentario del PAN; Brisa Arroyo Mart\u00ednez, coordinadora del Grupo Parlamentario del PRD; Marco Polo Aguirre Ch\u00e1vez, coordinador del Grupo de Representaci\u00f3n Parlamentaria; Adriana Campos Huirache, coordinadora del Grupo Parlamentario del PRI; as\u00ed como Roberto Santill\u00e1n Ferreyra, presidente del Consejo Coordinador Empresarial<\/strong><\/p>\n","protected":false},"excerpt":{"rendered":"<p>Redacci\u00f3n.- Morelia, Michoac\u00e1n, 17 de febrero de 2026.- \u201cEn Michoac\u00e1n estamos haciendo historia juntos y juntas\u201d, resalt\u00f3 el gobernador Alfredo Ram\u00edrez Bedolla al se\u00f1alar que, con la reforma constitucional aprobada por el Congreso local, el estado ya no contratar\u00e1 m\u00e1s deuda a largo plazo, garantizando as\u00ed estabilidad y transparencia financiera. Ante representantes de diversos sectores, [&hellip;]<\/p>\n","protected":false},"author":2,"featured_media":21554,"comment_status":"open","ping_status":"open","sticky":false,"template":"","format":"standard","meta":{"footnotes":"","_rishi_post_view_count":116},"categories":[6],"tags":[],"class_list":["post-21553","post","type-post","status-publish","format-standard","has-post-thumbnail","hentry","category-michoacan"],"comments_count":"0","_links":{"self":[{"href":"https:\/\/elpregonerodezamora.com\/index.php\/wp-json\/wp\/v2\/posts\/21553","targetHints":{"allow":["GET"]}}],"collection":[{"href":"https:\/\/elpregonerodezamora.com\/index.php\/wp-json\/wp\/v2\/posts"}],"about":[{"href":"https:\/\/elpregonerodezamora.com\/index.php\/wp-json\/wp\/v2\/types\/post"}],"author":[{"embeddable":true,"href":"https:\/\/elpregonerodezamora.com\/index.php\/wp-json\/wp\/v2\/users\/2"}],"replies":[{"embeddable":true,"href":"https:\/\/elpregonerodezamora.com\/index.php\/wp-json\/wp\/v2\/comments?post=21553"}],"version-history":[{"count":1,"href":"https:\/\/elpregonerodezamora.com\/index.php\/wp-json\/wp\/v2\/posts\/21553\/revisions"}],"predecessor-version":[{"id":21555,"href":"https:\/\/elpregonerodezamora.com\/index.php\/wp-json\/wp\/v2\/posts\/21553\/revisions\/21555"}],"wp:featuredmedia":[{"embeddable":true,"href":"https:\/\/elpregonerodezamora.com\/index.php\/wp-json\/wp\/v2\/media\/21554"}],"wp:attachment":[{"href":"https:\/\/elpregonerodezamora.com\/index.php\/wp-json\/wp\/v2\/media?parent=21553"}],"wp:term":[{"taxonomy":"category","embeddable":true,"href":"https:\/\/elpregonerodezamora.com\/index.php\/wp-json\/wp\/v2\/categories?post=21553"},{"taxonomy":"post_tag","embeddable":true,"href":"https:\/\/elpregonerodezamora.com\/index.php\/wp-json\/wp\/v2\/tags?post=21553"}],"curies":[{"name":"wp","href":"https:\/\/api.w.org\/{rel}","templated":true}]}}