{"id":21549,"date":"2026-02-17T19:32:41","date_gmt":"2026-02-17T19:32:41","guid":{"rendered":"https:\/\/elpregonerodezamora.com\/?p=21549"},"modified":"2026-02-17T19:32:42","modified_gmt":"2026-02-17T19:32:42","slug":"arranca-el-mundialito-escolar-en-michoacan-gabriela-molina","status":"publish","type":"post","link":"https:\/\/elpregonerodezamora.com\/index.php\/2026\/02\/17\/arranca-el-mundialito-escolar-en-michoacan-gabriela-molina\/","title":{"rendered":"Arranca el Mundialito Escolar en Michoac\u00e1n: Gabriela Molina"},"content":{"rendered":"\n<p style=\"font-size:25px\"><strong><em>\u2022 El registro de equipos cierra el pr\u00f3ximo 20 de febrero<\/em><\/strong><\/p>\n\n\n\n<p><strong>Redacci\u00f3n.-<\/strong><\/p>\n\n\n\n<p><strong>Morelia, Michoac\u00e1n, 17 de febrero de 2026.- La secretaria de Educaci\u00f3n, Gabriela Molina, celebr\u00f3 el arranque de las actividades del Mundialito Escolar, que ya puso en movimiento a las comunidades de las escuelas michoacanas. Con este inicio, se fomenta la alegr\u00eda y el compa\u00f1erismo en las escuelas, para transformar el entorno escolar en un espacio de bienestar colectivo donde ni\u00f1as, ni\u00f1os y j\u00f3venes crecen a trav\u00e9s del juego y la sana convivencia, como parte tambi\u00e9n de la estrategia nacional Vive Saludable, Vive Feliz.<\/strong><\/p>\n\n\n\n<p><strong>La titular de la Secretar\u00eda de Educaci\u00f3n del Estado (SEE) destac\u00f3 que el inicio de estas actividades en Michoac\u00e1n tuvo como sede la Escuela Secundaria Federal No. 2 &#8220;Hermanos Flores Mag\u00f3n&#8221; en Morelia, marcando formalmente el comienzo de la etapa intramuros. Puntualiz\u00f3 que esta fase inicial permite que cada plantel organice sus propios encuentros deportivos, fomentando la participaci\u00f3n interna de los alumnos antes de pasar a las siguientes rondas de competencia regional y estatal.<\/strong><\/p>\n\n\n\n<p><strong>El proceso de inscripci\u00f3n contin\u00faa vigente, por lo que la secretaria hizo un llamado a las autoridades escolares para no quedar fuera de este encuentro que busca la participaci\u00f3n de 7 mil planteles de primaria, secundaria y bachillerato. Los directivos de los planteles son los encargados de realizar el registro oficial de sus equipos, proceso que pueden completar de manera digital a trav\u00e9s del portal dise\u00f1ado para asegurar la participaci\u00f3n de las diversas regiones del estado.<\/strong><\/p>\n\n\n\n<p><strong>Finalmente, la funcionaria estatal record\u00f3 que el plazo para dar de alta a los equipos vence el 20 de febrero, por lo que inst\u00f3 a las y los interesados a ingresar a la liga <a href=\"https:\/\/dti.see.michoacan.gob.mx\/mundialito-escolar\/index.php?fbclid=IwZXh0bgNhZW0CMTAAYnJpZBEyRzN0RVlvZGpYREYzMVR3cHNydGMGYXBwX2lkEDIyMjAzOTE3ODgyMDA4OTIAAR4RWqONQn0BXkQZAbIVzifXFfOJVCKBrBxnGvzvZWqcTwPpRYqlzAm5BWcJvw_aem_YIPe_RMRPmLp7bTQRZlfjA\" target=\"_blank\" rel=\"noreferrer noopener\">https:\/\/dti.see.michoacan.gob.mx\/mundialito&#8230;\/index.php<\/a> para formalizar su entrada. Con estas acciones, la administraci\u00f3n estatal reafirma su compromiso con el desarrollo de actividades que transforman la realidad educativa, poniendo siempre al centro de las pol\u00edticas p\u00fablicas el beneficio colectivo y la formaci\u00f3n humana de la ni\u00f1ez michoacana.<\/strong><\/p>\n","protected":false},"excerpt":{"rendered":"<p>\u2022 El registro de equipos cierra el pr\u00f3ximo 20 de febrero Redacci\u00f3n.- Morelia, Michoac\u00e1n, 17 de febrero de 2026.- La secretaria de Educaci\u00f3n, Gabriela Molina, celebr\u00f3 el arranque de las actividades del Mundialito Escolar, que ya puso en movimiento a las comunidades de las escuelas michoacanas. Con este inicio, se fomenta la alegr\u00eda y el [&hellip;]<\/p>\n","protected":false},"author":2,"featured_media":21550,"comment_status":"open","ping_status":"open","sticky":false,"template":"","format":"standard","meta":{"footnotes":"","_rishi_post_view_count":105},"categories":[6],"tags":[],"class_list":["post-21549","post","type-post","status-publish","format-standard","has-post-thumbnail","hentry","category-michoacan"],"comments_count":"0","_links":{"self":[{"href":"https:\/\/elpregonerodezamora.com\/index.php\/wp-json\/wp\/v2\/posts\/21549","targetHints":{"allow":["GET"]}}],"collection":[{"href":"https:\/\/elpregonerodezamora.com\/index.php\/wp-json\/wp\/v2\/posts"}],"about":[{"href":"https:\/\/elpregonerodezamora.com\/index.php\/wp-json\/wp\/v2\/types\/post"}],"author":[{"embeddable":true,"href":"https:\/\/elpregonerodezamora.com\/index.php\/wp-json\/wp\/v2\/users\/2"}],"replies":[{"embeddable":true,"href":"https:\/\/elpregonerodezamora.com\/index.php\/wp-json\/wp\/v2\/comments?post=21549"}],"version-history":[{"count":1,"href":"https:\/\/elpregonerodezamora.com\/index.php\/wp-json\/wp\/v2\/posts\/21549\/revisions"}],"predecessor-version":[{"id":21551,"href":"https:\/\/elpregonerodezamora.com\/index.php\/wp-json\/wp\/v2\/posts\/21549\/revisions\/21551"}],"wp:featuredmedia":[{"embeddable":true,"href":"https:\/\/elpregonerodezamora.com\/index.php\/wp-json\/wp\/v2\/media\/21550"}],"wp:attachment":[{"href":"https:\/\/elpregonerodezamora.com\/index.php\/wp-json\/wp\/v2\/media?parent=21549"}],"wp:term":[{"taxonomy":"category","embeddable":true,"href":"https:\/\/elpregonerodezamora.com\/index.php\/wp-json\/wp\/v2\/categories?post=21549"},{"taxonomy":"post_tag","embeddable":true,"href":"https:\/\/elpregonerodezamora.com\/index.php\/wp-json\/wp\/v2\/tags?post=21549"}],"curies":[{"name":"wp","href":"https:\/\/api.w.org\/{rel}","templated":true}]}}