{"id":21502,"date":"2026-02-16T23:22:53","date_gmt":"2026-02-16T23:22:53","guid":{"rendered":"https:\/\/elpregonerodezamora.com\/?p=21502"},"modified":"2026-02-16T23:22:54","modified_gmt":"2026-02-16T23:22:54","slug":"seguimos-creando-momentos-especiales-para-nuestra-gente","status":"publish","type":"post","link":"https:\/\/elpregonerodezamora.com\/index.php\/2026\/02\/16\/seguimos-creando-momentos-especiales-para-nuestra-gente\/","title":{"rendered":"\u00a1Seguimos creando momentos especiales para nuestra gente!"},"content":{"rendered":"\n<p><strong><em>Tanganc\u00edcuaro, Mich., 15\/febrero\/2026.- Este domingo vivimos una velada inolvidable en nuestra Plaza Principal, donde nuestros amigos del Dueto Fermatta nos regalaron una noche llena de emociones con su <img loading=\"lazy\" decoding=\"async\" height=\"16\" width=\"16\" src=\"https:\/\/static.xx.fbcdn.net\/images\/emoji.php\/v9\/t7e\/1\/16\/1f3a4.png\" alt=\"\ud83c\udfa4\"><img loading=\"lazy\" decoding=\"async\" height=\"16\" width=\"16\" src=\"https:\/\/static.xx.fbcdn.net\/images\/emoji.php\/v9\/t1f\/1\/16\/1f3b6.png\" alt=\"\ud83c\udfb6\"> inigualable voz y talento. En el marco de la celebraci\u00f3n del <img loading=\"lazy\" decoding=\"async\" height=\"16\" width=\"16\" src=\"https:\/\/static.xx.fbcdn.net\/images\/emoji.php\/v9\/te9\/1\/16\/1f496.png\" alt=\"\ud83d\udc96\"> 14 de febrero, disfrutamos de un ambiente m\u00e1gico, lleno de m\u00fasica, amor y convivencia familiar <img loading=\"lazy\" decoding=\"async\" height=\"16\" width=\"16\" src=\"https:\/\/static.xx.fbcdn.net\/images\/emoji.php\/v9\/t1b\/1\/16\/1f9d1_200d_1f9d1_200d_1f9d2_200d_1f9d2.png\" alt=\"\ud83e\uddd1\u200d\ud83e\uddd1\u200d\ud83e\uddd2\u200d\ud83e\uddd2\"> que hizo vibrar a todos los asistentes.<\/em><\/strong><\/p>\n\n\n\n<p><a href=\"https:\/\/www.facebook.com\/hashtag\/municipioqueinspira?__eep__=6&amp;__cft__[0]=AZbCo6FgE9PhMt-GB4B-BF4Yv_KIvJZmsHttmOm2OERs4ZL-MsjS5JztzKAM0IC69kI3FK8MCdcXQCdKvE3BrqPrrX7SqBg04XBACl4JxOBOK2TDp1sDGzRo2I9lODuUQ9F7xpYyLTLWg4kPJNMuKMUB&amp;__tn__=*NK-R\">#MunicipioQueInspira<\/a><\/p>\n\n\n\n<figure class=\"wp-block-embed\"><div class=\"wp-block-embed__wrapper\">\nhttps:\/\/elpregonerodezamora.com\n<\/div><\/figure>\n","protected":false},"excerpt":{"rendered":"<p>Tanganc\u00edcuaro, Mich., 15\/febrero\/2026.- Este domingo vivimos una velada inolvidable en nuestra Plaza Principal, donde nuestros amigos del Dueto Fermatta nos regalaron una noche llena de emociones con su inigualable voz y talento. En el marco de la celebraci\u00f3n del 14 de febrero, disfrutamos de un ambiente m\u00e1gico, lleno de m\u00fasica, amor y convivencia familiar que [&hellip;]<\/p>\n","protected":false},"author":2,"featured_media":21503,"comment_status":"open","ping_status":"open","sticky":false,"template":"","format":"standard","meta":{"footnotes":"","_rishi_post_view_count":113},"categories":[30],"tags":[],"class_list":["post-21502","post","type-post","status-publish","format-standard","has-post-thumbnail","hentry","category-tangancicuaro"],"comments_count":"0","_links":{"self":[{"href":"https:\/\/elpregonerodezamora.com\/index.php\/wp-json\/wp\/v2\/posts\/21502","targetHints":{"allow":["GET"]}}],"collection":[{"href":"https:\/\/elpregonerodezamora.com\/index.php\/wp-json\/wp\/v2\/posts"}],"about":[{"href":"https:\/\/elpregonerodezamora.com\/index.php\/wp-json\/wp\/v2\/types\/post"}],"author":[{"embeddable":true,"href":"https:\/\/elpregonerodezamora.com\/index.php\/wp-json\/wp\/v2\/users\/2"}],"replies":[{"embeddable":true,"href":"https:\/\/elpregonerodezamora.com\/index.php\/wp-json\/wp\/v2\/comments?post=21502"}],"version-history":[{"count":1,"href":"https:\/\/elpregonerodezamora.com\/index.php\/wp-json\/wp\/v2\/posts\/21502\/revisions"}],"predecessor-version":[{"id":21504,"href":"https:\/\/elpregonerodezamora.com\/index.php\/wp-json\/wp\/v2\/posts\/21502\/revisions\/21504"}],"wp:featuredmedia":[{"embeddable":true,"href":"https:\/\/elpregonerodezamora.com\/index.php\/wp-json\/wp\/v2\/media\/21503"}],"wp:attachment":[{"href":"https:\/\/elpregonerodezamora.com\/index.php\/wp-json\/wp\/v2\/media?parent=21502"}],"wp:term":[{"taxonomy":"category","embeddable":true,"href":"https:\/\/elpregonerodezamora.com\/index.php\/wp-json\/wp\/v2\/categories?post=21502"},{"taxonomy":"post_tag","embeddable":true,"href":"https:\/\/elpregonerodezamora.com\/index.php\/wp-json\/wp\/v2\/tags?post=21502"}],"curies":[{"name":"wp","href":"https:\/\/api.w.org\/{rel}","templated":true}]}}