{"id":21499,"date":"2026-02-16T23:20:08","date_gmt":"2026-02-16T23:20:08","guid":{"rendered":"https:\/\/elpregonerodezamora.com\/?p=21499"},"modified":"2026-02-16T23:20:09","modified_gmt":"2026-02-16T23:20:09","slug":"conmemoramos-el-195-aniversario-luctuoso-de-vicente-guerrero","status":"publish","type":"post","link":"https:\/\/elpregonerodezamora.com\/index.php\/2026\/02\/16\/conmemoramos-el-195-aniversario-luctuoso-de-vicente-guerrero\/","title":{"rendered":"\u00a1Conmemoramos el 195 Aniversario Luctuoso de Vicente Guerrero!"},"content":{"rendered":"\n<p><strong><em>Tanganc\u00edcuaro, 15\/febrero\/2026.- Con un emotivo acto c\u00edvico organizado por la Escuela Primaria \u201cVicente Guerrero\u201d turno matutino, conmemoramos el 195 Aniversario Luctuoso del h\u00e9roe <img loading=\"lazy\" decoding=\"async\" height=\"16\" width=\"16\" src=\"https:\/\/static.xx.fbcdn.net\/images\/emoji.php\/v9\/t25\/1\/16\/1fae1.png\" alt=\"\ud83e\udee1\"> de nuestra Independencia y s\u00edmbolo de resistencia, lucha y profundo compromiso con la patria. Recordamos con respeto y orgullo a quien defendi\u00f3 con firmeza los ideales de libertad y justicia, dejando un legado que sigue inspirando a las nuevas generaciones.<\/em><\/strong><\/p>\n\n\n\n<p style=\"font-size:25px\"><a href=\"https:\/\/www.facebook.com\/hashtag\/municipioqueinspirain?__eep__=6&amp;__cft__[0]=AZZ3XXpCGXt9YWGlHHZ7k8BsoLRD4fp7edWZZ1qhpFuBCLGbRbx6FyVAsmAk0CRv5E3WknxcVOR0aLtiTfai5Z8PmLRXgLICVA2F780tm6_WcP370lNdVqQDSmImMKgOjQ88_l8Ky2XoOQwMW3vvjySA&amp;__tn__=*NK-R\"><strong>#municipioqueinspirain<\/strong><\/a><\/p>\n","protected":false},"excerpt":{"rendered":"<p>Tanganc\u00edcuaro, 15\/febrero\/2026.- Con un emotivo acto c\u00edvico organizado por la Escuela Primaria \u201cVicente Guerrero\u201d turno matutino, conmemoramos el 195 Aniversario Luctuoso del h\u00e9roe de nuestra Independencia y s\u00edmbolo de resistencia, lucha y profundo compromiso con la patria. Recordamos con respeto y orgullo a quien defendi\u00f3 con firmeza los ideales de libertad y justicia, dejando un [&hellip;]<\/p>\n","protected":false},"author":2,"featured_media":21500,"comment_status":"open","ping_status":"open","sticky":false,"template":"","format":"standard","meta":{"footnotes":"","_rishi_post_view_count":110},"categories":[30],"tags":[],"class_list":["post-21499","post","type-post","status-publish","format-standard","has-post-thumbnail","hentry","category-tangancicuaro"],"comments_count":"0","_links":{"self":[{"href":"https:\/\/elpregonerodezamora.com\/index.php\/wp-json\/wp\/v2\/posts\/21499","targetHints":{"allow":["GET"]}}],"collection":[{"href":"https:\/\/elpregonerodezamora.com\/index.php\/wp-json\/wp\/v2\/posts"}],"about":[{"href":"https:\/\/elpregonerodezamora.com\/index.php\/wp-json\/wp\/v2\/types\/post"}],"author":[{"embeddable":true,"href":"https:\/\/elpregonerodezamora.com\/index.php\/wp-json\/wp\/v2\/users\/2"}],"replies":[{"embeddable":true,"href":"https:\/\/elpregonerodezamora.com\/index.php\/wp-json\/wp\/v2\/comments?post=21499"}],"version-history":[{"count":1,"href":"https:\/\/elpregonerodezamora.com\/index.php\/wp-json\/wp\/v2\/posts\/21499\/revisions"}],"predecessor-version":[{"id":21501,"href":"https:\/\/elpregonerodezamora.com\/index.php\/wp-json\/wp\/v2\/posts\/21499\/revisions\/21501"}],"wp:featuredmedia":[{"embeddable":true,"href":"https:\/\/elpregonerodezamora.com\/index.php\/wp-json\/wp\/v2\/media\/21500"}],"wp:attachment":[{"href":"https:\/\/elpregonerodezamora.com\/index.php\/wp-json\/wp\/v2\/media?parent=21499"}],"wp:term":[{"taxonomy":"category","embeddable":true,"href":"https:\/\/elpregonerodezamora.com\/index.php\/wp-json\/wp\/v2\/categories?post=21499"},{"taxonomy":"post_tag","embeddable":true,"href":"https:\/\/elpregonerodezamora.com\/index.php\/wp-json\/wp\/v2\/tags?post=21499"}],"curies":[{"name":"wp","href":"https:\/\/api.w.org\/{rel}","templated":true}]}}