{"id":21480,"date":"2026-02-14T00:17:30","date_gmt":"2026-02-14T00:17:30","guid":{"rendered":"https:\/\/elpregonerodezamora.com\/?p=21480"},"modified":"2026-02-14T00:17:31","modified_gmt":"2026-02-14T00:17:31","slug":"arranco-con-gran-exito-la-expo-emprendedores-edicion-san-valentin","status":"publish","type":"post","link":"https:\/\/elpregonerodezamora.com\/index.php\/2026\/02\/14\/arranco-con-gran-exito-la-expo-emprendedores-edicion-san-valentin\/","title":{"rendered":"\u00a1Arranc\u00f3 con gran \u00e9xito la Expo Emprendedores Edici\u00f3n San Valent\u00edn!"},"content":{"rendered":"\n<p><strong><em>Tanganc\u00edcuaro, 13\/febrero\/2026.- Nuestra plaza principal se llena de color, talento y grandes ideas con nuestra Expo Emprendedores versi\u00f3n <img loading=\"lazy\" decoding=\"async\" height=\"16\" width=\"16\" src=\"https:\/\/static.xx.fbcdn.net\/images\/emoji.php\/v9\/t6c\/1\/16\/2764.png\" alt=\"\u2764\ufe0f\"> San Valent\u00edn, donde el talento local es el protagonista. <img loading=\"lazy\" decoding=\"async\" height=\"16\" width=\"16\" src=\"https:\/\/static.xx.fbcdn.net\/images\/emoji.php\/v9\/t84\/1\/16\/1f381.png\" alt=\"\ud83c\udf81\"> Te invitamos a visitar y apoyar a nuestros comerciantes locales, quienes te esperan con una gran variedad de productos ideales para sorprender a esa persona especial.<\/em><\/strong><\/p>\n\n\n\n<p style=\"font-size:25px\"><strong><img loading=\"lazy\" decoding=\"async\" height=\"16\" width=\"16\" src=\"https:\/\/static.xx.fbcdn.net\/images\/emoji.php\/v9\/t7e\/1\/16\/1f4c5.png\" alt=\"\ud83d\udcc5\"> Hoy 13 y ma\u00f1ana 14 de febrero<\/strong><\/p>\n\n\n\n<p style=\"font-size:25px\"><strong><img loading=\"lazy\" decoding=\"async\" height=\"16\" width=\"16\" src=\"https:\/\/static.xx.fbcdn.net\/images\/emoji.php\/v9\/tb0\/1\/16\/1f558.png\" alt=\"\ud83d\udd58\"> De 9 de la ma\u00f1ana a 7 de la tarde<\/strong><\/p>\n\n\n\n<p><a href=\"https:\/\/www.facebook.com\/hashtag\/municipioqueinspira?__eep__=6&amp;__cft__[0]=AZYhgEd-WVVVoYElwWp8Q0THRtoSUFa04igNSnAR1KzQ2HNsajXFOMd_KZ1Z8e9KCuWMKCbvhA7-74ckMQSw4mc5LfjH1KBHIdpXmiyoZPTcDwTltSPBurIPEbmZshp_62Euk42LM5iBVR7HlUKiXVkZ&amp;__tn__=*NK-R\">#MunicipioQueInspira<\/a><\/p>\n","protected":false},"excerpt":{"rendered":"<p>Tanganc\u00edcuaro, 13\/febrero\/2026.- Nuestra plaza principal se llena de color, talento y grandes ideas con nuestra Expo Emprendedores versi\u00f3n San Valent\u00edn, donde el talento local es el protagonista. Te invitamos a visitar y apoyar a nuestros comerciantes locales, quienes te esperan con una gran variedad de productos ideales para sorprender a esa persona especial. Hoy 13 [&hellip;]<\/p>\n","protected":false},"author":2,"featured_media":21481,"comment_status":"open","ping_status":"open","sticky":false,"template":"","format":"standard","meta":{"footnotes":"","_rishi_post_view_count":106},"categories":[30],"tags":[],"class_list":["post-21480","post","type-post","status-publish","format-standard","has-post-thumbnail","hentry","category-tangancicuaro"],"comments_count":"0","_links":{"self":[{"href":"https:\/\/elpregonerodezamora.com\/index.php\/wp-json\/wp\/v2\/posts\/21480","targetHints":{"allow":["GET"]}}],"collection":[{"href":"https:\/\/elpregonerodezamora.com\/index.php\/wp-json\/wp\/v2\/posts"}],"about":[{"href":"https:\/\/elpregonerodezamora.com\/index.php\/wp-json\/wp\/v2\/types\/post"}],"author":[{"embeddable":true,"href":"https:\/\/elpregonerodezamora.com\/index.php\/wp-json\/wp\/v2\/users\/2"}],"replies":[{"embeddable":true,"href":"https:\/\/elpregonerodezamora.com\/index.php\/wp-json\/wp\/v2\/comments?post=21480"}],"version-history":[{"count":1,"href":"https:\/\/elpregonerodezamora.com\/index.php\/wp-json\/wp\/v2\/posts\/21480\/revisions"}],"predecessor-version":[{"id":21482,"href":"https:\/\/elpregonerodezamora.com\/index.php\/wp-json\/wp\/v2\/posts\/21480\/revisions\/21482"}],"wp:featuredmedia":[{"embeddable":true,"href":"https:\/\/elpregonerodezamora.com\/index.php\/wp-json\/wp\/v2\/media\/21481"}],"wp:attachment":[{"href":"https:\/\/elpregonerodezamora.com\/index.php\/wp-json\/wp\/v2\/media?parent=21480"}],"wp:term":[{"taxonomy":"category","embeddable":true,"href":"https:\/\/elpregonerodezamora.com\/index.php\/wp-json\/wp\/v2\/categories?post=21480"},{"taxonomy":"post_tag","embeddable":true,"href":"https:\/\/elpregonerodezamora.com\/index.php\/wp-json\/wp\/v2\/tags?post=21480"}],"curies":[{"name":"wp","href":"https:\/\/api.w.org\/{rel}","templated":true}]}}