{"id":21476,"date":"2026-02-12T23:35:39","date_gmt":"2026-02-12T23:35:39","guid":{"rendered":"https:\/\/elpregonerodezamora.com\/?p=21476"},"modified":"2026-02-12T23:35:40","modified_gmt":"2026-02-12T23:35:40","slug":"haciendo-equipo-por-el-progreso-de-nuestras-comunidades","status":"publish","type":"post","link":"https:\/\/elpregonerodezamora.com\/index.php\/2026\/02\/12\/haciendo-equipo-por-el-progreso-de-nuestras-comunidades\/","title":{"rendered":"\u00a1Haciendo equipo por el progreso de nuestras comunidades!"},"content":{"rendered":"\n<p><strong><em>Tanganc\u00edcuaro, 12\/febrero\/2028.-Con una inversi\u00f3n total de 1 mill\u00f3n 760 mil pesos, <img loading=\"lazy\" decoding=\"async\" height=\"16\" width=\"16\" src=\"https:\/\/static.xx.fbcdn.net\/images\/emoji.php\/v9\/tc4\/1\/16\/1f6a7.png\" alt=\"\ud83d\udea7\"> inauguramos la pavimentaci\u00f3n con concreto hidr\u00e1ulico de la calle Francisco I. Madero y la construcci\u00f3n con adoqu\u00edn de la calle Venustiano Carranza en la comunidad ind\u00edgena de Patamban, <img loading=\"lazy\" decoding=\"async\" height=\"16\" width=\"16\" src=\"https:\/\/static.xx.fbcdn.net\/images\/emoji.php\/v9\/t17\/1\/16\/1f477_1f3fb_200d_2642.png\" alt=\"\ud83d\udc77\ud83c\udffb\u200d\u2642\ufe0f\"> obras realizadas a trav\u00e9s del FAIS. Destacamos y agradecemos la participaci\u00f3n activa de los vecinos de la calle Venustiano Carranza, quienes aportaron 250 mil pesos, <img loading=\"lazy\" decoding=\"async\" height=\"16\" width=\"16\" src=\"https:\/\/static.xx.fbcdn.net\/images\/emoji.php\/v9\/t64\/1\/16\/1f91d.png\" alt=\"\ud83e\udd1d\"> sumando esfuerzos con el Ayuntamiento para hacer realidad esta obra.<\/em><\/strong><\/p>\n\n\n\n<p style=\"font-size:25px\"><a href=\"https:\/\/www.facebook.com\/hashtag\/municipioqueinspira?__eep__=6&amp;__cft__[0]=AZYNY3dOu7owcAYXt0nkj7ZArcUDS30xU3smbpxU2l8JPSTuA1wx1oj7-HaLvUMr30jd3LG5sngiMR0ToINIZ-r7KpzOKQC96H6QTmJuquCOKn4kz8modNvpCuDOBR8bKPi_swmM1L7VpmAV5PlXBB3q&amp;__tn__=*NK-R\"><strong>#MunicipioQueInspira<\/strong><\/a><\/p>\n","protected":false},"excerpt":{"rendered":"<p>Tanganc\u00edcuaro, 12\/febrero\/2028.-Con una inversi\u00f3n total de 1 mill\u00f3n 760 mil pesos, inauguramos la pavimentaci\u00f3n con concreto hidr\u00e1ulico de la calle Francisco I. Madero y la construcci\u00f3n con adoqu\u00edn de la calle Venustiano Carranza en la comunidad ind\u00edgena de Patamban, obras realizadas a trav\u00e9s del FAIS. Destacamos y agradecemos la participaci\u00f3n activa de los vecinos de [&hellip;]<\/p>\n","protected":false},"author":2,"featured_media":21477,"comment_status":"open","ping_status":"open","sticky":false,"template":"","format":"standard","meta":{"footnotes":"","_rishi_post_view_count":117},"categories":[30],"tags":[],"class_list":["post-21476","post","type-post","status-publish","format-standard","has-post-thumbnail","hentry","category-tangancicuaro"],"comments_count":"0","_links":{"self":[{"href":"https:\/\/elpregonerodezamora.com\/index.php\/wp-json\/wp\/v2\/posts\/21476","targetHints":{"allow":["GET"]}}],"collection":[{"href":"https:\/\/elpregonerodezamora.com\/index.php\/wp-json\/wp\/v2\/posts"}],"about":[{"href":"https:\/\/elpregonerodezamora.com\/index.php\/wp-json\/wp\/v2\/types\/post"}],"author":[{"embeddable":true,"href":"https:\/\/elpregonerodezamora.com\/index.php\/wp-json\/wp\/v2\/users\/2"}],"replies":[{"embeddable":true,"href":"https:\/\/elpregonerodezamora.com\/index.php\/wp-json\/wp\/v2\/comments?post=21476"}],"version-history":[{"count":1,"href":"https:\/\/elpregonerodezamora.com\/index.php\/wp-json\/wp\/v2\/posts\/21476\/revisions"}],"predecessor-version":[{"id":21478,"href":"https:\/\/elpregonerodezamora.com\/index.php\/wp-json\/wp\/v2\/posts\/21476\/revisions\/21478"}],"wp:featuredmedia":[{"embeddable":true,"href":"https:\/\/elpregonerodezamora.com\/index.php\/wp-json\/wp\/v2\/media\/21477"}],"wp:attachment":[{"href":"https:\/\/elpregonerodezamora.com\/index.php\/wp-json\/wp\/v2\/media?parent=21476"}],"wp:term":[{"taxonomy":"category","embeddable":true,"href":"https:\/\/elpregonerodezamora.com\/index.php\/wp-json\/wp\/v2\/categories?post=21476"},{"taxonomy":"post_tag","embeddable":true,"href":"https:\/\/elpregonerodezamora.com\/index.php\/wp-json\/wp\/v2\/tags?post=21476"}],"curies":[{"name":"wp","href":"https:\/\/api.w.org\/{rel}","templated":true}]}}