{"id":21455,"date":"2026-02-11T23:34:13","date_gmt":"2026-02-11T23:34:13","guid":{"rendered":"https:\/\/elpregonerodezamora.com\/?p=21455"},"modified":"2026-02-11T23:34:14","modified_gmt":"2026-02-11T23:34:14","slug":"proyectan-gladyz-butanda-y-canaco-servytur-beneficios-turisticos-del-teleferico-de-uruapan","status":"publish","type":"post","link":"https:\/\/elpregonerodezamora.com\/index.php\/2026\/02\/11\/proyectan-gladyz-butanda-y-canaco-servytur-beneficios-turisticos-del-teleferico-de-uruapan\/","title":{"rendered":"Proyectan Gladyz Butanda y Canaco-Servytur beneficios tur\u00edsticos del telef\u00e9rico de Uruapan"},"content":{"rendered":"\n<p style=\"font-size:25px\"><strong><em>Obra presenta un avance de 94.81 por ciento<\/em><\/strong><\/p>\n\n\n\n<p><strong>Morelia, Michoac\u00e1n, 11 de febrero de 2026.- De cara a la inauguraci\u00f3n del telef\u00e9rico de Uruapan, la secretaria de Desarrollo Urbano y Movilidad, Gladyz Butanda Mac\u00edas, se reuni\u00f3 con Ilse Beatriz Torres Aguilar, presidenta de la C\u00e1mara Nacional de Comercio, Servicios y Turismo (Canaco-Servytur), para proyectar el desarrollo tur\u00edstico que dicha obra traer\u00e1 consigo.<\/strong><\/p>\n\n\n\n<p><strong>La titular de la Secretar\u00eda de Desarrollo Urbano y Movilidad (Sedum) se comprometi\u00f3 a trabajar de manera coordinada con este organismo empresarial, a fin de que el telef\u00e9rico no solo sirva como un medio de transporte eficiente y ecol\u00f3gico, sino tambi\u00e9n como una plataforma de desarrollo econ\u00f3mico y tur\u00edstico.<\/strong><\/p>\n\n\n\n<p><strong>\u201cVamos a trabajar de la mano del sector empresarial y, sobre todo ,con la Canaco-Servytur para posicionar al telef\u00e9rico de Uruapan como un atractivo tur\u00edstico que nos permitir\u00e1 apreciar la majestuosidad de la Perla de Cupatitzio desde las alturas\u201d, enfatiz\u00f3 la secretaria.<\/strong><\/p>\n\n\n\n<p><strong>Gladyz Butanda e Ilse Torres coincidieron en que el telef\u00e9rico posicionar\u00e1 a Uruapan como un destino tur\u00edstico de alta relevancia en Michoac\u00e1n, por lo que remarcaron la importancia de trabajar en conjunto para potenciar los alcances de este medio de transporte a\u00e9reo.<\/strong><\/p>\n\n\n\n<p><\/p>\n","protected":false},"excerpt":{"rendered":"<p>Obra presenta un avance de 94.81 por ciento Morelia, Michoac\u00e1n, 11 de febrero de 2026.- De cara a la inauguraci\u00f3n del telef\u00e9rico de Uruapan, la secretaria de Desarrollo Urbano y Movilidad, Gladyz Butanda Mac\u00edas, se reuni\u00f3 con Ilse Beatriz Torres Aguilar, presidenta de la C\u00e1mara Nacional de Comercio, Servicios y Turismo (Canaco-Servytur), para proyectar el [&hellip;]<\/p>\n","protected":false},"author":2,"featured_media":21456,"comment_status":"open","ping_status":"open","sticky":false,"template":"","format":"standard","meta":{"footnotes":"","_rishi_post_view_count":149},"categories":[6],"tags":[],"class_list":["post-21455","post","type-post","status-publish","format-standard","has-post-thumbnail","hentry","category-michoacan"],"comments_count":"0","_links":{"self":[{"href":"https:\/\/elpregonerodezamora.com\/index.php\/wp-json\/wp\/v2\/posts\/21455","targetHints":{"allow":["GET"]}}],"collection":[{"href":"https:\/\/elpregonerodezamora.com\/index.php\/wp-json\/wp\/v2\/posts"}],"about":[{"href":"https:\/\/elpregonerodezamora.com\/index.php\/wp-json\/wp\/v2\/types\/post"}],"author":[{"embeddable":true,"href":"https:\/\/elpregonerodezamora.com\/index.php\/wp-json\/wp\/v2\/users\/2"}],"replies":[{"embeddable":true,"href":"https:\/\/elpregonerodezamora.com\/index.php\/wp-json\/wp\/v2\/comments?post=21455"}],"version-history":[{"count":1,"href":"https:\/\/elpregonerodezamora.com\/index.php\/wp-json\/wp\/v2\/posts\/21455\/revisions"}],"predecessor-version":[{"id":21457,"href":"https:\/\/elpregonerodezamora.com\/index.php\/wp-json\/wp\/v2\/posts\/21455\/revisions\/21457"}],"wp:featuredmedia":[{"embeddable":true,"href":"https:\/\/elpregonerodezamora.com\/index.php\/wp-json\/wp\/v2\/media\/21456"}],"wp:attachment":[{"href":"https:\/\/elpregonerodezamora.com\/index.php\/wp-json\/wp\/v2\/media?parent=21455"}],"wp:term":[{"taxonomy":"category","embeddable":true,"href":"https:\/\/elpregonerodezamora.com\/index.php\/wp-json\/wp\/v2\/categories?post=21455"},{"taxonomy":"post_tag","embeddable":true,"href":"https:\/\/elpregonerodezamora.com\/index.php\/wp-json\/wp\/v2\/tags?post=21455"}],"curies":[{"name":"wp","href":"https:\/\/api.w.org\/{rel}","templated":true}]}}