{"id":21294,"date":"2026-01-26T18:19:08","date_gmt":"2026-01-26T18:19:08","guid":{"rendered":"https:\/\/elpregonerodezamora.com\/?p=21294"},"modified":"2026-01-26T18:19:09","modified_gmt":"2026-01-26T18:19:09","slug":"los-economistas-al-rescate-de-claudia","status":"publish","type":"post","link":"https:\/\/elpregonerodezamora.com\/index.php\/2026\/01\/26\/los-economistas-al-rescate-de-claudia\/","title":{"rendered":"\u00bfLOS ECONOMISTAS AL RESCATE DE CLAUDIA\u2026?"},"content":{"rendered":"\n<p style=\"font-size:25px\"><strong>LA ECONOM\u00cdA Y USTED<\/strong>&#8230;<\/p>\n\n\n\n<p><strong>Eliseo Castillo<\/strong><\/p>\n\n\n\n<p><\/p>\n\n\n\n<p class=\"has-text-align-center\"><strong>TUS MANOS, AMIGA<\/strong><\/p>\n\n\n\n<p class=\"has-text-align-center\"><strong><em>&#8220;Mientras el sol se apronta en el oriente, \/ viajero y eterno visitante cotidiano, \/ caricia de ma\u00f1ana sacude la vida que te ba\u00f1a, \/ saludo a tu cuerpo, m\u00e1s hermosamente reestrenado, \/ saludo a la vida, nuevamente tomada de tus labios, \/ amor&#8230;, amante&#8230;, amiga de vida \/ eterna sorpresa que descubro cada d\u00eda, \/ que reavivas cada ma\u00f1ana, al salir el sol&#8221;&#8230;el\u00edseo<\/em><\/strong><\/p>\n\n\n\n<p><strong>El economista Gerardo Esquivel (profesor del Colegio de M\u00e9xico), en su columna de este lunes 26 de enero, en el peri\u00f3dico Milenio nos cuenta de como fue la reuni\u00f3n de los ocho economistas que se reunieron en d\u00edas pasados con la presidenta Claudia Sheinbaum, en que llama una reuni\u00f3n &#8220;muy agradable y fruct\u00edfera&#8221;.<\/strong><\/p>\n\n\n\n<p><strong>Realmente no es algo nuevo, incluso se recomienda que peri\u00f3dicamente se le de una palmadita a la academia desde el poder ejecutivo, como forma de manifestarles que se les toma en cuenta, y que de alguna forma se est\u00e1 atento a sus planteamientos, comentarios y criticas posibles al trabajo del gobierno en turno.<\/strong><\/p>\n\n\n\n<p><strong>De hecho de estas reuniones regularmente puede salir alguna invitaci\u00f3n a formar parte del grupo de asesores de la presidencia; y, hay que decirlo con todas sus letras, es el &#8220;sue\u00f1o dorado de todo economista que se respete&#8221;. Pasar a formar parte del equipo de asesores de la presidencia le otorga a un economista el poder de que sus comentarios y conocimientos lleguen a los programas p\u00fablicos.<\/strong><\/p>\n\n\n\n<p><strong>Ni qu\u00e9 decir de los salarios tan jugosos que se llegan a recibir por la tarea, y la aureola de intocabilidad que se alcanza en el medio universitario; as\u00ed es como se maduran las llamadas&#8230;&#8221;vacas sagradas&#8221; del conocimiento econ\u00f3mico.<\/strong><\/p>\n\n\n\n<p><strong>As\u00ed es como la &#8220;muy notable&#8221; polit\u00f3loga Mar\u00eda Amparo Casar se hizo de un buen espacio de poder en su imagen p\u00fablica, al margen de su capacidad de an\u00e1lisis, eso no est\u00e1 en juego en este espacio, al pasar a formar parte del grupo de asesores del Secretario de Gobierno de Vicente Fox; el hacendado norte\u00f1o Santiago Creel.<\/strong><\/p>\n\n\n\n<p><strong>Los datos que nos ofrece, adem\u00e1s de ser muy optimistas en cuanto a el di\u00e1logo que realizaron en esta reuni\u00f3n en que nos cuenta que fue muy amena la reuni\u00f3n, y muy aportativa la participaci\u00f3n de los ocho economistas que fueron invitados; am\u00e9n de que nos cuenta que fueron cuatro mujeres y cuatro hombres, seis de ellos acad\u00e9micos de prestigio en universidades p\u00fablicas, y dos de universidades privadas (uno que ahora labora en una instituci\u00f3n financiera privada).<\/strong><\/p>\n\n\n\n<p><strong>Desde luego, es un acto muy recomendable el que la presidenta se acerque a la academia, de esta forma reduce un poco la guerra contra su imagen y sus tareas desde la propia academia; sabemos que muchos de los economistas tienen sus participaciones en los peri\u00f3dicos, radio, televisi\u00f3n y hoy en las redes sociales; cada uno pone de su parte la formaci\u00f3n acad\u00e9mica recibida, y en forma velada o de manera abierta, el fondo ideol\u00f3gico con que fue formado en su aula madre.<\/strong><\/p>\n\n\n\n<p><strong>Ignoramos si la informaci\u00f3n con que se manejaron en la reuni\u00f3n va a ser usada de manera importante en las pol\u00edticas de la presidenta; pero queda claro que la intenci\u00f3n debe ser esa, escuchar e incluir las ideas diversas que representan el sentir y pensar de estos ocho economistas (cuatro mujeres, cuatro hombres).<\/strong><\/p>\n\n\n\n<p style=\"font-size:20px\"><strong>Hay que esperar que se pare bien al final de cuentas; es una forma inclusiva de formas de pensar.<\/strong><\/p>\n\n\n\n<p><strong>El economista y recurrente participante de reuniones con los poderosos J.M. Keynes. comentaba con sarcasmo que cada persona se encontraba preso de las ideas de alg\u00fan economista&#8230;, regularmente ya muerto.<\/strong><\/p>\n\n\n\n<p><strong>Esto no lo puede dejar de lado la presidenta, entre lo que los necesita y lo que puede apaciguar sus deseos de peque\u00f1os espacios de poder, no pierde nada con reunirse con ellos, aunque sea con peque\u00f1os grupos, en este caso ocho, y de manera equitativa, cuatro mujeres, cuatro hombres, y con un abierto apoyo a la escuela p\u00fablica, lo opuesto a lo que hac\u00edan los panistas y priitas durante los \u00faltimos seis sexenios hasta 2018.<\/strong><\/p>\n\n\n\n<p><strong>Al final queda grabado el dato que nos ofrece el economista Gerardo Esquivel&#8230; los ocho cuentan con doctorado en el extranjero, y directamente en las universidades de los Estados Unidos.<\/strong><\/p>\n\n\n\n<p style=\"font-size:20px\"><strong>\u00bfSe dio cuenta de lo que le coment\u00e9 que dec\u00eda Keynes&#8230;?<\/strong><\/p>\n\n\n\n<p><strong>Todos invariablemente somos rehenes de las ideas de un economista regularmente ya muerto.<\/strong><\/p>\n\n\n\n<p><strong>Profesores de los Estados Unidos formando en sus flamante doctorados a estos notables economistas mexicanos que se han reunido con la presidenta.<\/strong><\/p>\n\n\n\n<p>Es solamente una sensaci\u00f3n de sonrisa lo que me queda al final; nunca envidia.<\/p>\n\n\n\n<p><strong>Ya le he comentado, dada mi formaci\u00f3n y cuna cultural, renunci\u00e9 a ir a la UCLA en California USA, y a una Universidad de Texas a impartir clases, en la primera a invitaci\u00f3n de D. Cornelius y en la segunda por Richard Jones.<\/strong><\/p>\n\n\n\n<p style=\"font-size:20px\"><strong><em>\u00a1Qu\u00e9 quiere, me re\u00ed al leer esta parte de la columna!<\/em><\/strong><\/p>\n\n\n\n<p><strong>Pero todo fue en buen plan; sobre todo en tiempos de canallas en que vemos los resultados de ser vecinos que se alimentan de la mierda cultural de los gobernado por el No hay sugerencias Donald Trump.<\/strong><\/p>\n\n\n\n<p style=\"font-size:20px\"><strong><em>Ser\u00e1 que los hijos de puta nunca dejan de serlo&#8230;, aunque vayan desnudos&#8230;<\/em><\/strong><\/p>\n\n\n\n<p><\/p>\n","protected":false},"excerpt":{"rendered":"<p>LA ECONOM\u00cdA Y USTED&#8230; Eliseo Castillo TUS MANOS, AMIGA &#8220;Mientras el sol se apronta en el oriente, \/ viajero y eterno visitante cotidiano, \/ caricia de ma\u00f1ana sacude la vida que te ba\u00f1a, \/ saludo a tu cuerpo, m\u00e1s hermosamente reestrenado, \/ saludo a la vida, nuevamente tomada de tus labios, \/ amor&#8230;, amante&#8230;, amiga [&hellip;]<\/p>\n","protected":false},"author":2,"featured_media":21295,"comment_status":"open","ping_status":"open","sticky":false,"template":"","format":"standard","meta":{"footnotes":"","_rishi_post_view_count":140},"categories":[1],"tags":[],"class_list":["post-21294","post","type-post","status-publish","format-standard","has-post-thumbnail","hentry","category-opinion"],"comments_count":"0","_links":{"self":[{"href":"https:\/\/elpregonerodezamora.com\/index.php\/wp-json\/wp\/v2\/posts\/21294","targetHints":{"allow":["GET"]}}],"collection":[{"href":"https:\/\/elpregonerodezamora.com\/index.php\/wp-json\/wp\/v2\/posts"}],"about":[{"href":"https:\/\/elpregonerodezamora.com\/index.php\/wp-json\/wp\/v2\/types\/post"}],"author":[{"embeddable":true,"href":"https:\/\/elpregonerodezamora.com\/index.php\/wp-json\/wp\/v2\/users\/2"}],"replies":[{"embeddable":true,"href":"https:\/\/elpregonerodezamora.com\/index.php\/wp-json\/wp\/v2\/comments?post=21294"}],"version-history":[{"count":1,"href":"https:\/\/elpregonerodezamora.com\/index.php\/wp-json\/wp\/v2\/posts\/21294\/revisions"}],"predecessor-version":[{"id":21296,"href":"https:\/\/elpregonerodezamora.com\/index.php\/wp-json\/wp\/v2\/posts\/21294\/revisions\/21296"}],"wp:featuredmedia":[{"embeddable":true,"href":"https:\/\/elpregonerodezamora.com\/index.php\/wp-json\/wp\/v2\/media\/21295"}],"wp:attachment":[{"href":"https:\/\/elpregonerodezamora.com\/index.php\/wp-json\/wp\/v2\/media?parent=21294"}],"wp:term":[{"taxonomy":"category","embeddable":true,"href":"https:\/\/elpregonerodezamora.com\/index.php\/wp-json\/wp\/v2\/categories?post=21294"},{"taxonomy":"post_tag","embeddable":true,"href":"https:\/\/elpregonerodezamora.com\/index.php\/wp-json\/wp\/v2\/tags?post=21294"}],"curies":[{"name":"wp","href":"https:\/\/api.w.org\/{rel}","templated":true}]}}