{"id":21232,"date":"2025-12-16T18:35:05","date_gmt":"2025-12-16T18:35:05","guid":{"rendered":"https:\/\/elpregonerodezamora.com\/?p=21232"},"modified":"2025-12-16T18:35:06","modified_gmt":"2025-12-16T18:35:06","slug":"contra-china-si-y-contra-la-impunidad","status":"publish","type":"post","link":"https:\/\/elpregonerodezamora.com\/index.php\/2025\/12\/16\/contra-china-si-y-contra-la-impunidad\/","title":{"rendered":"CONTRA CHINA, SI; \u00bfY CONTRA LA IMPUNIDAD?"},"content":{"rendered":"\n<p style=\"font-size:35px\"><strong>LAS PEQUE\u00d1AS COSAS&#8230;<\/strong><\/p>\n\n\n\n<p><strong>Eliseo Castillo<\/strong><\/p>\n\n\n\n<p><\/p>\n\n\n\n<p class=\"has-text-align-center\"><strong>UN D\u00cdA CUALQUIERA<\/strong><\/p>\n\n\n\n<p class=\"has-text-align-right\"><strong><em>&#8220;Abro los ojos y respiro en la mirada, \/ todo est\u00e1 casi igual que ayer, la vida pasa, \/ abrir las manos y no encontrar las tuyas, \/ ejercicio cotidiano, respuesta casi anunciada, \/ nada cambia, es un d\u00eda de tantos&#8221;&#8230;el\u00edseo<\/em><\/strong><\/p>\n\n\n\n<p><strong>Sigue la discusi\u00f3n respecto a la pol\u00edtica arancelaria que anuncia la presidencia a los pa\u00edses que tiene acuerdos comerciales con M\u00e9xico; obviamente las cr\u00edticas se han dejado venir de todas partes del mundo; pero de donde se centran m\u00e1s es desde China; quienes se sienten aludidos con tal medida.<\/strong><\/p>\n\n\n\n<p><strong>No les falta raz\u00f3n; ya que es el cliente comercial principal de la regi\u00f3n asi\u00e1tica; mientras que M\u00e9xico es uno de sus principales clientes.<\/strong><\/p>\n\n\n\n<p><strong>Claro que ambos gobiernos tiene sus razones para aplicar aranceles o inconformarse con los mismos; a nadie le gusta que le cobren impuestos, que nos lo diga el se\u00f1or de los abonos chiquitos para nunca terminar de pagar, Salinas Pliego. Por desgracia no es asunto de si nos gusta o no, es una obligaci\u00f3n dolorosa y necesaria.<\/strong><\/p>\n\n\n\n<p><strong>China est\u00e1 inconforme; el gobierno de M\u00e9xico se justifica con la idea de defender los empleos; el Secretario de Econom\u00eda calcula que se defienden unos 350 empleos con esta medida; cierto o no, suena muy importante.<\/strong><\/p>\n\n\n\n<p><strong>Asia es una regi\u00f3n muy fuerte en materia de compras para M\u00e9xico, no as\u00ed de ventas; nos compran poco ellos.<\/strong><\/p>\n\n\n\n<p><strong>&#8220;Del total de las compras desde Asia, casi la mitad provienen de China. Seg\u00fan datos del banco central, entre enero y octubre M\u00e9xico compr\u00f3 al gigante asi\u00e1tico mercanc\u00edas por 109 mil 394 millones de d\u00f3lares, 1.4 por ciento m\u00e1s que los 107 mil 820 millones de d\u00f3lares del mismo lapso del a\u00f1o pasado.<\/strong><\/p>\n\n\n\n<p><strong>En los primeros 10 meses del a\u00f1o en curso, las importaciones mexicanas ascendieron a 550 mil 96 millones de d\u00f3lares; esto significa que 20 por ciento provienen de China.&#8221;<\/strong><\/p>\n\n\n\n<p><strong><em>Fuente: Braulio Carbajal; peri\u00f3dico La Jornada, lunes 15 de diciembre, 2025, pag.21<\/em><\/strong><\/p>\n\n\n\n<p><strong>Como lo hemos comentado en este espacio, se calcula que por cada d\u00f3lar de mercanc\u00edas que entran legamente por las aduanas del pa\u00eds; otro tanto ingresa de manera ilegal, clandestina, de fayuca. Esto nos lleva a elevar la cantidad de mercanc\u00edas del gigante asi\u00e1tico por unos 220 mil millones de d\u00f3lares por a\u00f1o. Si lo calculamos sin acuerdo comercial, pues como que se justifica que el Secretario de Econom\u00eda Macelo Ebrard argumente que se hace para respaldar al menos a unos 350 empleos nacionales; no es cualquier cosa.<\/strong><\/p>\n\n\n\n<p><strong>Desde luego que los impactos pueden ser diversos; las molestias asi\u00e1ticas igual; ellos quieren vender cada vez m\u00e1s, es normal; lo malo es que se llevan entre las patas a los clientes como M\u00e9xico si no se protege lo suficiente.<\/strong><\/p>\n\n\n\n<p><strong>Esto probablemente va a tener un doble efecto; por un lado la recaudaci\u00f3n fiscal puede mejorar, al tiempo que puede generar un poco de m\u00e1s inflaci\u00f3n en el pa\u00eds; sin duda que es un riesgo. Pero en ocasiones la medicina es amrga por necesidad; lo que importa es que cure.<\/strong><\/p>\n\n\n\n<p><strong>El otro tema es la impunidad; si se cualcula que por cada d\u00f3lar de mercanc\u00edas que pasan por la aduana pagando impuestos, otro tanto se introduce por medio de la fayuca sin pagar obviamente impuestos, puede dispararse, es un reto tanto de corte moral y de honestidad de los agentes aduanales; y de control de las fronteras; habr\u00eda que ver que tan cofiables son las fronteras nacionales para evitar que entre tanta mercanc\u00eda ilegal.<\/strong><\/p>\n\n\n\n<p><strong>No es nada f\u00e1cil, es un reto que debe ser puesto como meta para el propio gobierno; mientras pueda demostrar que es capaz de controlar sus fronteras y evitar o reducir la ilegalidad, bien puede justificar su pol\u00edtica arancelaria.<\/strong><\/p>\n\n\n\n<p><strong>La impunidad es lamentable en todos los niveles; es un c\u00e1ncer que taladra la vida nacional; nada bueno podemos decir al respeto; mientras se sienta que hay relaciones injustas que se normalizan, es un indicador de que la confianza en las instituciones se debilita, queda en duda.<\/strong><\/p>\n\n\n\n<p><strong>Poner aranceles es una forma de proteccionismo que se ha aplicado en M\u00e9xico regularmente para controlar y apoyar la planta nacional; es lo que hacen todos los pa\u00edses en realidad; la diferencia es la forma y el monto.<\/strong><\/p>\n\n\n\n<p><strong>Hoy M\u00e9xico se pone a prueba al respecto. Los resultados son inciertos, es normal; eso s\u00f3lo las datos futuros nos lo van a terminar de indicar.<\/strong>&#8230;<\/p>\n\n\n\n<p><\/p>\n","protected":false},"excerpt":{"rendered":"<p>LAS PEQUE\u00d1AS COSAS&#8230; Eliseo Castillo UN D\u00cdA CUALQUIERA &#8220;Abro los ojos y respiro en la mirada, \/ todo est\u00e1 casi igual que ayer, la vida pasa, \/ abrir las manos y no encontrar las tuyas, \/ ejercicio cotidiano, respuesta casi anunciada, \/ nada cambia, es un d\u00eda de tantos&#8221;&#8230;el\u00edseo Sigue la discusi\u00f3n respecto a la [&hellip;]<\/p>\n","protected":false},"author":2,"featured_media":21233,"comment_status":"open","ping_status":"open","sticky":false,"template":"","format":"standard","meta":{"footnotes":"","_rishi_post_view_count":193},"categories":[1],"tags":[],"class_list":["post-21232","post","type-post","status-publish","format-standard","has-post-thumbnail","hentry","category-opinion"],"comments_count":"0","_links":{"self":[{"href":"https:\/\/elpregonerodezamora.com\/index.php\/wp-json\/wp\/v2\/posts\/21232","targetHints":{"allow":["GET"]}}],"collection":[{"href":"https:\/\/elpregonerodezamora.com\/index.php\/wp-json\/wp\/v2\/posts"}],"about":[{"href":"https:\/\/elpregonerodezamora.com\/index.php\/wp-json\/wp\/v2\/types\/post"}],"author":[{"embeddable":true,"href":"https:\/\/elpregonerodezamora.com\/index.php\/wp-json\/wp\/v2\/users\/2"}],"replies":[{"embeddable":true,"href":"https:\/\/elpregonerodezamora.com\/index.php\/wp-json\/wp\/v2\/comments?post=21232"}],"version-history":[{"count":1,"href":"https:\/\/elpregonerodezamora.com\/index.php\/wp-json\/wp\/v2\/posts\/21232\/revisions"}],"predecessor-version":[{"id":21234,"href":"https:\/\/elpregonerodezamora.com\/index.php\/wp-json\/wp\/v2\/posts\/21232\/revisions\/21234"}],"wp:featuredmedia":[{"embeddable":true,"href":"https:\/\/elpregonerodezamora.com\/index.php\/wp-json\/wp\/v2\/media\/21233"}],"wp:attachment":[{"href":"https:\/\/elpregonerodezamora.com\/index.php\/wp-json\/wp\/v2\/media?parent=21232"}],"wp:term":[{"taxonomy":"category","embeddable":true,"href":"https:\/\/elpregonerodezamora.com\/index.php\/wp-json\/wp\/v2\/categories?post=21232"},{"taxonomy":"post_tag","embeddable":true,"href":"https:\/\/elpregonerodezamora.com\/index.php\/wp-json\/wp\/v2\/tags?post=21232"}],"curies":[{"name":"wp","href":"https:\/\/api.w.org\/{rel}","templated":true}]}}