{"id":21180,"date":"2025-11-27T19:40:52","date_gmt":"2025-11-27T19:40:52","guid":{"rendered":"https:\/\/elpregonerodezamora.com\/?p=21180"},"modified":"2025-11-27T19:40:53","modified_gmt":"2025-11-27T19:40:53","slug":"el-campo-mexicano-sin-salida-saludable","status":"publish","type":"post","link":"https:\/\/elpregonerodezamora.com\/index.php\/2025\/11\/27\/el-campo-mexicano-sin-salida-saludable\/","title":{"rendered":"EL CAMPO MEXICANO SIN SALIDA SALUDABLE"},"content":{"rendered":"\n<p style=\"font-size:30px\"><strong>LA ECONOM\u00cdA Y USTED&#8230;<\/strong><\/p>\n\n\n\n<p><strong>Eliseo Castillo<\/strong><\/p>\n\n\n\n<p><\/p>\n\n\n\n<p class=\"has-text-align-center\"><strong>ABRAZARTE AMIGO<\/strong><\/p>\n\n\n\n<p class=\"has-text-align-center\"><strong><em>&#8220;Con el calendario a cuestas de los a\u00f1os idos, \/ d\u00edas cualquieras, a veces con sabor a fiesta, \/ me avisan que del tiempo ido, \/ dos o tres cosas esperan en el limbo, \/ una de ellas es abrazarte como entonces amigo&#8221;&#8230;el\u00edseo<\/em><\/strong><\/p>\n\n\n\n<p><strong>Los agricultores se rebelan y cierran las carreteras; cada a\u00f1o es la mismo historia; pareciera que la soluci\u00f3n fuera cerrar las v\u00edas de acceso a las ciudades; nada menos cierto que eso.<\/strong><\/p>\n\n\n\n<p><strong>El problema se firmo desde 1994 con la entrada en vigor del TLC de Norteam\u00e9rica en el que qued\u00f3 marcado para mucho tiempo el destino del campo mexicano. Por aquellos a\u00f1os se le solicit\u00f3 al presidente Carlos Salinas que reconsiderara sacar del tratado al campo agr\u00edcola; la respuesta fue burlonamente negativa; poco le import\u00f3 mandar a la ruina a los campesinos, a cambio de apoyar a los grandes productores maiceros de los Estados Unidos; el resultado lo podemos ver luego del tiempo.<\/strong><\/p>\n\n\n\n<p><strong>En el tratado se acept\u00f3 que los productores de los Estados Unidos van a seguir recibiendo los subsidios ya cl\u00e1sicos del gobierno por cada ciclo agr\u00edcola; mientras que queda prohibido todo subsidio directo del gobierno de M\u00e9xico a los productores mexicanos. El resultado salta a la vista.<\/strong><\/p>\n\n\n\n<p><strong>Desde le momento en que se acepta ce\u00f1irse a los precios internacionales que corren en la bolsa de futuros de Chicago, el campo mexicano est\u00e1 destinado a arruinarse progresivamente; pongamos un ejemplo simple: hoy Chicago ofrece la tonelada de ma\u00edz muy por debajo de los costos de producci\u00f3n del productor nacional; esto deja de ser rentable para M\u00e9xico; con ello se busca que el pa\u00eds deje de producir y se dedique a comprar la cosecha de los Estados Unidos.<\/strong><\/p>\n\n\n\n<p style=\"font-size:25px\"><strong>Esto , ignoramos si estaba en los planes de Salinas, pero el resultado va para all\u00e1<\/strong><\/p>\n\n\n\n<p><strong>Pedir 7200 pesos por tonelada es casi imposible para cualquier gobierno en el mundo; el problema es que la cosecha de Estados Unidos y la Brasil son muy altas; eso abarata el grano, y manda a la ruina a miles de productores.<\/strong><\/p>\n\n\n\n<p><strong>Pero esto no le importa al nacional; \u00e9l hace cuentas de lo que gasta y desea obtener; y considera que las cuentas no le salen. Aqu\u00ed es donde demanda atenci\u00f3n especial del gobierno, el que lo meti\u00f3 en un tratado que nunca acept\u00f3, pero que se le impuso.<\/strong><\/p>\n\n\n\n<p><strong>El gobierno es responsable de estos malos tratados; pero el productor paga las consecuencias; y el consumidor de tortillas se ve arrastrado.<\/strong><\/p>\n\n\n\n<p><strong>Ese es otro de los regalos que nos dej\u00f3 el gobierno de Salinas de Gortari; hoy los productores del campo no buscan quien les hizo esta patra\u00f1a, sino quien debe pag\u00e1rselas&#8230;; el transporte en general y el consumidor sin duda, pagan su parte, con dolores de cabeza, malos tratos y carest\u00eda.<\/strong><\/p>\n\n\n\n<p style=\"font-size:25px\"><strong><em>Por si lo ignoraba usted&#8230;<\/em><\/strong><\/p>\n","protected":false},"excerpt":{"rendered":"<p>LA ECONOM\u00cdA Y USTED&#8230; Eliseo Castillo ABRAZARTE AMIGO &#8220;Con el calendario a cuestas de los a\u00f1os idos, \/ d\u00edas cualquieras, a veces con sabor a fiesta, \/ me avisan que del tiempo ido, \/ dos o tres cosas esperan en el limbo, \/ una de ellas es abrazarte como entonces amigo&#8221;&#8230;el\u00edseo Los agricultores se rebelan [&hellip;]<\/p>\n","protected":false},"author":2,"featured_media":21181,"comment_status":"open","ping_status":"open","sticky":false,"template":"","format":"standard","meta":{"footnotes":"","_rishi_post_view_count":135},"categories":[1],"tags":[],"class_list":["post-21180","post","type-post","status-publish","format-standard","has-post-thumbnail","hentry","category-opinion"],"comments_count":"0","_links":{"self":[{"href":"https:\/\/elpregonerodezamora.com\/index.php\/wp-json\/wp\/v2\/posts\/21180","targetHints":{"allow":["GET"]}}],"collection":[{"href":"https:\/\/elpregonerodezamora.com\/index.php\/wp-json\/wp\/v2\/posts"}],"about":[{"href":"https:\/\/elpregonerodezamora.com\/index.php\/wp-json\/wp\/v2\/types\/post"}],"author":[{"embeddable":true,"href":"https:\/\/elpregonerodezamora.com\/index.php\/wp-json\/wp\/v2\/users\/2"}],"replies":[{"embeddable":true,"href":"https:\/\/elpregonerodezamora.com\/index.php\/wp-json\/wp\/v2\/comments?post=21180"}],"version-history":[{"count":1,"href":"https:\/\/elpregonerodezamora.com\/index.php\/wp-json\/wp\/v2\/posts\/21180\/revisions"}],"predecessor-version":[{"id":21182,"href":"https:\/\/elpregonerodezamora.com\/index.php\/wp-json\/wp\/v2\/posts\/21180\/revisions\/21182"}],"wp:featuredmedia":[{"embeddable":true,"href":"https:\/\/elpregonerodezamora.com\/index.php\/wp-json\/wp\/v2\/media\/21181"}],"wp:attachment":[{"href":"https:\/\/elpregonerodezamora.com\/index.php\/wp-json\/wp\/v2\/media?parent=21180"}],"wp:term":[{"taxonomy":"category","embeddable":true,"href":"https:\/\/elpregonerodezamora.com\/index.php\/wp-json\/wp\/v2\/categories?post=21180"},{"taxonomy":"post_tag","embeddable":true,"href":"https:\/\/elpregonerodezamora.com\/index.php\/wp-json\/wp\/v2\/tags?post=21180"}],"curies":[{"name":"wp","href":"https:\/\/api.w.org\/{rel}","templated":true}]}}