{"id":21167,"date":"2025-11-21T00:42:26","date_gmt":"2025-11-21T00:42:26","guid":{"rendered":"https:\/\/elpregonerodezamora.com\/?p=21167"},"modified":"2025-11-21T00:42:27","modified_gmt":"2025-11-21T00:42:27","slug":"relevo-episcopal-en-zamora-mons-joel-ocampo-goroztieta-asume-mision-clave-en-una-diocesis-marcada-por-retos-pastorales-y-sociales","status":"publish","type":"post","link":"https:\/\/elpregonerodezamora.com\/index.php\/2025\/11\/21\/relevo-episcopal-en-zamora-mons-joel-ocampo-goroztieta-asume-mision-clave-en-una-diocesis-marcada-por-retos-pastorales-y-sociales\/","title":{"rendered":"RELEVO EPISCOPAL EN ZAMORA: MONS. JOEL OCAMPO GOROZTIETA ASUME MISI\u00d3N CLAVE EN UNA DI\u00d3CESIS MARCADA POR RETOS PASTORALES Y SOCIALES"},"content":{"rendered":"\n<p><strong><em>* Sustituye a Javier Navarro Rodr\u00edguez quien fue titular de la Di\u00f3cesis de Zamora desde 2007; hasta ahora que present\u00f3 su renuncia can\u00f3nica<\/em><\/strong><\/p>\n\n\n\n<p><strong>Jueves 20\/noviembre\/2025.- La Nunciatura Apost\u00f3lica inform\u00f3 \u2014a trav\u00e9s de la Secretar\u00eda General de la Conferencia del Episcopado Mexicano (CEM)\u2014 que el papa Le\u00f3n XIV nombr\u00f3 a Mons. Joel Ocampo Gorostieta como XI Obispo de la Di\u00f3cesis de Zamora, en sustituci\u00f3n del obispado vacante. Hasta ahora, Ocampo Gorostieta se desempe\u00f1aba como pastor de la Di\u00f3cesis de Ciudad Altamirano, en Guerrero.<\/strong><\/p>\n\n\n\n<p><strong>El anuncio fue recibido con j\u00fabilo por las comunidades cat\u00f3licas de la regi\u00f3n, que ven en el nombramiento un paso significativo para fortalecer la labor pastoral en una zona donde confluyen profundas ra\u00edces religiosas, una gran tradici\u00f3n cultural y desaf\u00edos sociales importantes.<\/strong><\/p>\n\n\n\n<p style=\"font-size:25px\"><strong>Un nombramiento con peso regional<\/strong><\/p>\n\n\n\n<p><strong>Zamora, una de las di\u00f3cesis m\u00e1s antiguas y de mayor actividad pastoral en Michoac\u00e1n, se distingue por su fuerte presencia de congregaciones religiosas, seminarios y movimientos laicales. La llegada de un nuevo obispo representa no solo un relevo administrativo, sino tambi\u00e9n la orientaci\u00f3n de prioridades pastorales a mediano y largo plazo en temas como evangelizaci\u00f3n, atenci\u00f3n a comunidades rurales y acompa\u00f1amiento social en un estado que enfrenta retos de seguridad.<\/strong><\/p>\n\n\n\n<p><strong>Mons. Ocampo Gorostieta, conocido por su cercan\u00eda con las comunidades y su enfoque en el trabajo territorial, llega a una di\u00f3cesis que hist\u00f3ricamente ha destacado por su dinamismo eclesial y la relevancia de sus templos y santuarios en la vida religiosa del Baj\u00edo.<\/strong><\/p>\n\n\n\n<p style=\"font-size:25px\"><strong>Perfil del nuevo obispo<\/strong><\/p>\n\n\n\n<p><strong>Originario de Guerrero, Joel Ocampo ha sido reconocido por impulsar programas de formaci\u00f3n espiritual y de acompa\u00f1amiento comunitario. Durante su gesti\u00f3n en Ciudad Altamirano destac\u00f3 por fortalecer la pastoral juvenil y reforzar la presencia de la Iglesia en zonas rurales de dif\u00edcil acceso.<\/strong><\/p>\n\n\n\n<p><strong>Fuentes eclesi\u00e1sticas se\u00f1alan que su perfil dialogante y su capacidad para construir redes de cooperaci\u00f3n pastoral ser\u00e1n claves para su nueva misi\u00f3n en Zamora.<\/strong><\/p>\n\n\n\n<p style=\"font-size:25px\"><strong>La Iglesia mexicana expresa cercan\u00eda y apoyo<\/strong><\/p>\n\n\n\n<p><strong>En un comunicado breve, la Conferencia del Episcopado Mexicano expres\u00f3 su alegr\u00eda por el nombramiento y se uni\u00f3 en oraci\u00f3n \u201ccon la Iglesia que peregrina en Zamora\u201d, deseando a Mons. Ocampo un servicio fecundo en la encomienda episcopal que, subrayaron, \u201cel Se\u00f1or le ha confiado\u201d.<\/strong><\/p>\n\n\n\n<p><strong>El acto oficial de toma de posesi\u00f3n can\u00f3nica se anunciar\u00e1 en las pr\u00f3ximas semanas, una vez que la Nunciatura determine fecha y protocolo.<\/strong><\/p>\n","protected":false},"excerpt":{"rendered":"<p>* Sustituye a Javier Navarro Rodr\u00edguez quien fue titular de la Di\u00f3cesis de Zamora desde 2007; hasta ahora que present\u00f3 su renuncia can\u00f3nica Jueves 20\/noviembre\/2025.- La Nunciatura Apost\u00f3lica inform\u00f3 \u2014a trav\u00e9s de la Secretar\u00eda General de la Conferencia del Episcopado Mexicano (CEM)\u2014 que el papa Le\u00f3n XIV nombr\u00f3 a Mons. Joel Ocampo Gorostieta como XI [&hellip;]<\/p>\n","protected":false},"author":2,"featured_media":21168,"comment_status":"open","ping_status":"open","sticky":false,"template":"","format":"standard","meta":{"footnotes":"","_rishi_post_view_count":163},"categories":[8],"tags":[],"class_list":["post-21167","post","type-post","status-publish","format-standard","has-post-thumbnail","hentry","category-zamora"],"comments_count":"0","_links":{"self":[{"href":"https:\/\/elpregonerodezamora.com\/index.php\/wp-json\/wp\/v2\/posts\/21167","targetHints":{"allow":["GET"]}}],"collection":[{"href":"https:\/\/elpregonerodezamora.com\/index.php\/wp-json\/wp\/v2\/posts"}],"about":[{"href":"https:\/\/elpregonerodezamora.com\/index.php\/wp-json\/wp\/v2\/types\/post"}],"author":[{"embeddable":true,"href":"https:\/\/elpregonerodezamora.com\/index.php\/wp-json\/wp\/v2\/users\/2"}],"replies":[{"embeddable":true,"href":"https:\/\/elpregonerodezamora.com\/index.php\/wp-json\/wp\/v2\/comments?post=21167"}],"version-history":[{"count":1,"href":"https:\/\/elpregonerodezamora.com\/index.php\/wp-json\/wp\/v2\/posts\/21167\/revisions"}],"predecessor-version":[{"id":21169,"href":"https:\/\/elpregonerodezamora.com\/index.php\/wp-json\/wp\/v2\/posts\/21167\/revisions\/21169"}],"wp:featuredmedia":[{"embeddable":true,"href":"https:\/\/elpregonerodezamora.com\/index.php\/wp-json\/wp\/v2\/media\/21168"}],"wp:attachment":[{"href":"https:\/\/elpregonerodezamora.com\/index.php\/wp-json\/wp\/v2\/media?parent=21167"}],"wp:term":[{"taxonomy":"category","embeddable":true,"href":"https:\/\/elpregonerodezamora.com\/index.php\/wp-json\/wp\/v2\/categories?post=21167"},{"taxonomy":"post_tag","embeddable":true,"href":"https:\/\/elpregonerodezamora.com\/index.php\/wp-json\/wp\/v2\/tags?post=21167"}],"curies":[{"name":"wp","href":"https:\/\/api.w.org\/{rel}","templated":true}]}}