{"id":21118,"date":"2025-08-01T00:28:44","date_gmt":"2025-08-01T00:28:44","guid":{"rendered":"https:\/\/elpregonerodezamora.com\/?p=21118"},"modified":"2025-08-01T00:28:45","modified_gmt":"2025-08-01T00:28:45","slug":"gladys-butanda-presenta-beneficios-del-teleferico-de-uruapan-a-diputados-y-alcaldez","status":"publish","type":"post","link":"https:\/\/elpregonerodezamora.com\/index.php\/2025\/08\/01\/gladys-butanda-presenta-beneficios-del-teleferico-de-uruapan-a-diputados-y-alcaldez\/","title":{"rendered":"GLADYS BUTANDA PRESENTA BENEFICIOS DEL TELEF\u00c9RICO DE URUAPAN A DIPUTADOS Y ALCALDEZ"},"content":{"rendered":"\n<p style=\"font-size:30px\"><strong>\u2022 El proyecto presenta un avance del 87 %<\/strong><\/p>\n\n\n\n<p><strong>Uruapan, Michoac\u00e1n, 31 de julio de 2025.- La secretaria de Desarrollo Urbano y Movilidad de Michoac\u00e1n, Gladyz Butanda Mac\u00edas, expuso los beneficios que acompa\u00f1an al telef\u00e9rico de Uruapan ante diputados, alcaldes, regidores y l\u00edderes sociales de la Regi\u00f3n Baj\u00edo, con la intenci\u00f3n de incentivar el inter\u00e9s en nuevos mecanismos de transporte en el interior del estado.<\/strong><\/p>\n\n\n\n<p><strong>En un recorrido por las estaciones 1 y 3 del telef\u00e9rico, la funcionaria estatal comparti\u00f3 los avances que registra este modelo de transporte en compa\u00f1\u00eda de la diputada por el Distrito 01 de La Piedad, Melba Albavera Padilla; de los alcaldes Mois\u00e9s Navarro Arellano, de Yur\u00e9cuaro; Jos\u00e9 D\u00edaz Camarena, de Numar\u00e1n, y Daniel Herrera Mart\u00edn del Campo, de Tanhuato, as\u00ed como de regidores y l\u00edderes sociales de la regi\u00f3n.<\/strong><\/p>\n\n\n\n<p><strong>\u201cLa idea de estos recorridos es exponer ante los alcaldes y l\u00edderes sociales de Michoac\u00e1n los beneficios de este tipo de transporte, a fin de incentivar el inter\u00e9s en transformar la movilidad a lo largo y ancho de la entidad\u201d, enfatiz\u00f3 Gladyz Butanda.<\/strong><\/p>\n\n\n\n<p><strong>Al finalizar el recorrido por el telef\u00e9rico de Uruapan, los espectadores coincidieron en que este medio de transporte revolucionar\u00e1 la movilidad y fortalecer\u00e1 la proyecci\u00f3n tur\u00edstica del municipio.<\/strong><\/p>\n","protected":false},"excerpt":{"rendered":"<p>\u2022 El proyecto presenta un avance del 87 % Uruapan, Michoac\u00e1n, 31 de julio de 2025.- La secretaria de Desarrollo Urbano y Movilidad de Michoac\u00e1n, Gladyz Butanda Mac\u00edas, expuso los beneficios que acompa\u00f1an al telef\u00e9rico de Uruapan ante diputados, alcaldes, regidores y l\u00edderes sociales de la Regi\u00f3n Baj\u00edo, con la intenci\u00f3n de incentivar el inter\u00e9s [&hellip;]<\/p>\n","protected":false},"author":2,"featured_media":21119,"comment_status":"open","ping_status":"open","sticky":false,"template":"","format":"standard","meta":{"footnotes":"","_rishi_post_view_count":528},"categories":[6],"tags":[],"class_list":["post-21118","post","type-post","status-publish","format-standard","has-post-thumbnail","hentry","category-michoacan"],"comments_count":"0","_links":{"self":[{"href":"https:\/\/elpregonerodezamora.com\/index.php\/wp-json\/wp\/v2\/posts\/21118","targetHints":{"allow":["GET"]}}],"collection":[{"href":"https:\/\/elpregonerodezamora.com\/index.php\/wp-json\/wp\/v2\/posts"}],"about":[{"href":"https:\/\/elpregonerodezamora.com\/index.php\/wp-json\/wp\/v2\/types\/post"}],"author":[{"embeddable":true,"href":"https:\/\/elpregonerodezamora.com\/index.php\/wp-json\/wp\/v2\/users\/2"}],"replies":[{"embeddable":true,"href":"https:\/\/elpregonerodezamora.com\/index.php\/wp-json\/wp\/v2\/comments?post=21118"}],"version-history":[{"count":1,"href":"https:\/\/elpregonerodezamora.com\/index.php\/wp-json\/wp\/v2\/posts\/21118\/revisions"}],"predecessor-version":[{"id":21120,"href":"https:\/\/elpregonerodezamora.com\/index.php\/wp-json\/wp\/v2\/posts\/21118\/revisions\/21120"}],"wp:featuredmedia":[{"embeddable":true,"href":"https:\/\/elpregonerodezamora.com\/index.php\/wp-json\/wp\/v2\/media\/21119"}],"wp:attachment":[{"href":"https:\/\/elpregonerodezamora.com\/index.php\/wp-json\/wp\/v2\/media?parent=21118"}],"wp:term":[{"taxonomy":"category","embeddable":true,"href":"https:\/\/elpregonerodezamora.com\/index.php\/wp-json\/wp\/v2\/categories?post=21118"},{"taxonomy":"post_tag","embeddable":true,"href":"https:\/\/elpregonerodezamora.com\/index.php\/wp-json\/wp\/v2\/tags?post=21118"}],"curies":[{"name":"wp","href":"https:\/\/api.w.org\/{rel}","templated":true}]}}