{"id":21115,"date":"2025-08-01T00:19:24","date_gmt":"2025-08-01T00:19:24","guid":{"rendered":"https:\/\/elpregonerodezamora.com\/?p=21115"},"modified":"2025-08-01T00:19:24","modified_gmt":"2025-08-01T00:19:24","slug":"presentara-regidor-barush-loredo-su-informe-de-actividades-el-martes-5-de-agosto","status":"publish","type":"post","link":"https:\/\/elpregonerodezamora.com\/index.php\/2025\/08\/01\/presentara-regidor-barush-loredo-su-informe-de-actividades-el-martes-5-de-agosto\/","title":{"rendered":"PRESENTAR\u00c1 REGIDOR BARUSH LOREDO, SU INFORME DE ACTIVIDADES EL MARTES 5 DE AGOSTO"},"content":{"rendered":"\n<p style=\"font-size:30px\"><strong>* En el segundo patio de la presidencia municipal a las 18 horas<\/strong><\/p>\n\n\n\n<p><strong>Redacci\u00f3n \/ El Pregonero TV<\/strong><\/p>\n\n\n\n<p><strong><em>Zamora, Mich , 31\/julio\/2025.- &#8220;En tiempo y forma he concluido con la entrega de mi informe de actividades de este primer a\u00f1o de gobierno&#8221;, refiri\u00f3 el regidor de Ciencia, Tecnolog\u00eda e Innovaci\u00f3n Barush Loredo, luego de agradecer a los zamoranos y sus comunidades por permitirle tomar est\u00e1 encomienda al servicio del pueblo de Zamora.<\/em><\/strong><\/p>\n\n\n\n<p><strong><em>Inform\u00f3 que a partir de hoy comenzar\u00e1 a rendir su informe de actividades, en lugares p\u00fablicos, que alguna publicidad ser\u00e1 pagada con recursos propios.<\/em><\/strong><\/p>\n\n\n\n<p><strong><em>Por lo que Barush Loredo invita a la poblaci\u00f3n a este su informe que se rendir\u00e1n en el segundo patio de la presidencia municipal, el martes 5 de agosto en punto de las 18:00 horas.<\/em><\/strong><\/p>\n\n\n\n<p style=\"font-size:25px\"><strong>\u00a1Gracias a Zamora y sus comunidades! Seguimos trabajando al servicio del pueblo!<\/strong><\/p>\n","protected":false},"excerpt":{"rendered":"<p>* En el segundo patio de la presidencia municipal a las 18 horas Redacci\u00f3n \/ El Pregonero TV Zamora, Mich , 31\/julio\/2025.- &#8220;En tiempo y forma he concluido con la entrega de mi informe de actividades de este primer a\u00f1o de gobierno&#8221;, refiri\u00f3 el regidor de Ciencia, Tecnolog\u00eda e Innovaci\u00f3n Barush Loredo, luego de agradecer [&hellip;]<\/p>\n","protected":false},"author":2,"featured_media":21116,"comment_status":"open","ping_status":"open","sticky":false,"template":"","format":"standard","meta":{"footnotes":"","_rishi_post_view_count":586},"categories":[8],"tags":[562],"class_list":["post-21115","post","type-post","status-publish","format-standard","has-post-thumbnail","hentry","category-zamora","tag-presentara-regidor-barush-loredo"],"comments_count":"0","_links":{"self":[{"href":"https:\/\/elpregonerodezamora.com\/index.php\/wp-json\/wp\/v2\/posts\/21115","targetHints":{"allow":["GET"]}}],"collection":[{"href":"https:\/\/elpregonerodezamora.com\/index.php\/wp-json\/wp\/v2\/posts"}],"about":[{"href":"https:\/\/elpregonerodezamora.com\/index.php\/wp-json\/wp\/v2\/types\/post"}],"author":[{"embeddable":true,"href":"https:\/\/elpregonerodezamora.com\/index.php\/wp-json\/wp\/v2\/users\/2"}],"replies":[{"embeddable":true,"href":"https:\/\/elpregonerodezamora.com\/index.php\/wp-json\/wp\/v2\/comments?post=21115"}],"version-history":[{"count":1,"href":"https:\/\/elpregonerodezamora.com\/index.php\/wp-json\/wp\/v2\/posts\/21115\/revisions"}],"predecessor-version":[{"id":21117,"href":"https:\/\/elpregonerodezamora.com\/index.php\/wp-json\/wp\/v2\/posts\/21115\/revisions\/21117"}],"wp:featuredmedia":[{"embeddable":true,"href":"https:\/\/elpregonerodezamora.com\/index.php\/wp-json\/wp\/v2\/media\/21116"}],"wp:attachment":[{"href":"https:\/\/elpregonerodezamora.com\/index.php\/wp-json\/wp\/v2\/media?parent=21115"}],"wp:term":[{"taxonomy":"category","embeddable":true,"href":"https:\/\/elpregonerodezamora.com\/index.php\/wp-json\/wp\/v2\/categories?post=21115"},{"taxonomy":"post_tag","embeddable":true,"href":"https:\/\/elpregonerodezamora.com\/index.php\/wp-json\/wp\/v2\/tags?post=21115"}],"curies":[{"name":"wp","href":"https:\/\/api.w.org\/{rel}","templated":true}]}}