{"id":20964,"date":"2025-06-23T20:16:53","date_gmt":"2025-06-23T20:16:53","guid":{"rendered":"https:\/\/elpregonerodezamora.com\/?p=20964"},"modified":"2025-06-23T20:16:54","modified_gmt":"2025-06-23T20:16:54","slug":"donald-primero-quiere-su-guerra-y-corona","status":"publish","type":"post","link":"https:\/\/elpregonerodezamora.com\/index.php\/2025\/06\/23\/donald-primero-quiere-su-guerra-y-corona\/","title":{"rendered":"DONALD PRIMERO, QUIERE &#8220;SU GUERRA Y CORONA&#8221;"},"content":{"rendered":"\n<p style=\"font-size:35px\"><strong>LA ECONOM\u00cdA Y USTED&#8230;<\/strong><\/p>\n\n\n\n<p><strong>Eliseo Castillo<\/strong><\/p>\n\n\n\n<p><\/p>\n\n\n\n<p>                                                            <strong>LA DESPEDIDA<\/strong><\/p>\n\n\n\n<p class=\"has-text-align-right\"><strong><em>Nunca la distancia es suficiente, \/ cuando el aroma del olvido amenaza, \/ horas de insomnio se acumulan, hay zozobra, \/ nadie se cura del olvido, se administra, \/ nadie es inmune a un amor perdido, \/ el tiempo, juez severo, lo atestigua\u201d&#8230;el\u00edseo<\/em><\/strong><\/p>\n\n\n\n<p><strong>Cuando la ambici\u00f3n humana llega a extremos, regularmente se expone la parte m\u00e1s perversa que se quisiera ocultar; como ese tumor grande que brota y crece en la cara, y que con plastas de maquillaje se pretende ocultar.<\/strong><\/p>\n\n\n\n<p><strong>Hoy ese tumor se llama Donald Trump, parte visible del nuevo movimiento nazi que honra cada paso de su antecesor Adolfo Hitler; y de su envidiado Napole\u00f3n Bonaparte.<\/strong><\/p>\n\n\n\n<p><strong>Cuando lleg\u00f3 al poder en 2016, el inefable e impresentable Trump fue enf\u00e1tico al declarar que los Estados Unidos ya necesitaban ganar una buena guerra. En su segundo periodo, ya sin atos ni buenas formas que cuidar; \u00a1como si lo acostumbrara realmente! se ha lanzado a conseguir lo que ha so\u00f1ado para \u00e9l mismo usando el poder p\u00fablico, la violaci\u00f3n de las leyes que juro respetar y hacer respetar; y en una aberraci\u00f3n abierta, ha incluido a toda su familia en su acto orgi\u00e1stico de secuestro del poder para beneficio de su persona e incremento de la fortuna familiar; desde luego, en ning\u00fan momento le ha importado violar la ley cuanto sea necesario: delincuente confeso y juzgado por 34 delitos&#8230;, uno o dos m\u00e1s&#8230;\u00a1lo que le importa!<\/strong><\/p>\n\n\n\n<p><strong>En el momento en que empez\u00f3 a mandar mensajes en relaci\u00f3n a ser emperador como Napole\u00f3n, luego a &#8220;sugerir&#8221; que podr\u00eda ser un buen Papa&#8230;, y a mandar mensajes de que un Papa americano ser\u00eda muy agradable; luego a mandar ordenes en relaci\u00f3n a la guerra en Medio Oriente, para que se apoyara sin freno la agresi\u00f3n jud\u00eda contra los due\u00f1os de la tierra que malamente ocupan en Palestina, quedaba muy poco (si algo quedaba aun) de duda respecto al ego t\u00f3xico del mandatario norteamericano.<\/strong><\/p>\n\n\n\n<p><strong><em>El desplante de abandonar la reuni\u00f3n del G-7 en Canad\u00e1 fue otro bot\u00f3n de muestra de su soberbia y desprecio a todos los que no le rindan pleites\u00eda.<\/em><\/strong><\/p>\n\n\n\n<p><strong>Hoy, la mezcla de Ner\u00f3n, Cal\u00edgula, Napole\u00f3n, Hitler se nos manifiesta con un elemento peor que ellos: cuenta con el arsenal de armas m\u00e1s letal del mundo; y con la enfermiza afrenta de no ser amado y respetado por el mismo; fundamentalmente solo es temido&#8230; y despreciado.<\/strong><\/p>\n\n\n\n<p><strong>Por si usted tuviera alguna duda de lo que pasa con este soberbio t\u00f3xico, capaz de desatar la tercera guerra mundial, sonr\u00eda al leer lo que se est\u00e1 proponiendo en la c\u00e1mara de representantes de los Estados Unidos:<\/strong><\/p>\n\n\n\n<p><strong>Desde enero de este a\u00f1o al tomar la presidencia para su segundo cuatrienio, en la C\u00e1mara de representantes, se encuentran entre otras iniciativas, las siguientes:<\/strong><\/p>\n\n\n\n<p><strong><em>Ocho proyectos de ley que proponen honrar y alabar a Trump; el diario The Washington Post revela que entre las iniciativas, est\u00e1 la propuesta de imprimir la imagen del magnate en el dinero americano (como se hac\u00eda en la Grecia antigua y el Imperio Romano); se propone el imprimir su imagen en el Monte Rushmore (donde se encuentran los conocidos como padres fundacionales de la patria); se propone cambiarle el nombre del Aeropuerto Internacional de Washington-Dullesy ponerle el suyo&#8230; (\u00bf\u00a1&#8230;1?)<\/em><\/strong><\/p>\n\n\n\n<p><strong>Adem\u00e1s el mismo diario informa que hay una propuesta para honrar la fecha de su nacimiento con una fiesta nacional, que sea ley.<\/strong><\/p>\n\n\n\n<p><strong>Por si fuera poco, la congresista republicana por Georgia present\u00f3 la propuesta&#8230;\u00a1muy humanista por cierto! de que las denuncias en contra del delincuente juzgado sea perdonadas, la propuesta es que todas las violaciones realizadas por este durante su primer mandato sean borradas; simplemente que se borren y a callar.<\/strong><\/p>\n\n\n\n<p><strong>Delincuente si, pero prohibido criticar.<\/strong><\/p>\n\n\n\n<p><strong>Esta \u00faltima propuesta taaaaannnn humanista la hace, seg\u00fan el diario, la congresista Marjorie Taylor Green.<\/strong><\/p>\n\n\n\n<p><strong><em>Fuente: Redacci\u00f3n; diario La jornada, domingo 22 de junio, 2025, pag.18<\/em><\/strong><\/p>\n\n\n\n<p><strong>Por si usted ten\u00eda dudas de las man\u00edas de este loco mani\u00e1tico obsesivo, y con altos \u00edndices de cobard\u00eda, que reh\u00faye las consecuencias de sus actos, cuando estos no le son favorables.<\/strong><\/p>\n\n\n\n<p><strong>Su desprecio por los dem\u00e1s lo manifest\u00f3 este s\u00e1bado nuevamente; atacar por sorpresa a Ir\u00e1n es apenas una muestra de como imita a su admirado Hitler; as\u00ed lo hacia el loco piroman\u00edaco nazi.<\/strong><\/p>\n\n\n\n<p style=\"font-size:25px\"><strong>No preguntemos por quien doblan las campanas; doblan por la humanidad.<\/strong><\/p>\n","protected":false},"excerpt":{"rendered":"<p>LA ECONOM\u00cdA Y USTED&#8230; Eliseo Castillo LA DESPEDIDA Nunca la distancia es suficiente, \/ cuando el aroma del olvido amenaza, \/ horas de insomnio se acumulan, hay zozobra, \/ nadie se cura del olvido, se administra, \/ nadie es inmune a un amor perdido, \/ el tiempo, juez severo, lo atestigua\u201d&#8230;el\u00edseo Cuando la ambici\u00f3n humana [&hellip;]<\/p>\n","protected":false},"author":2,"featured_media":20965,"comment_status":"open","ping_status":"open","sticky":false,"template":"","format":"standard","meta":{"footnotes":"","_rishi_post_view_count":453},"categories":[1],"tags":[],"class_list":["post-20964","post","type-post","status-publish","format-standard","has-post-thumbnail","hentry","category-opinion"],"comments_count":"0","_links":{"self":[{"href":"https:\/\/elpregonerodezamora.com\/index.php\/wp-json\/wp\/v2\/posts\/20964","targetHints":{"allow":["GET"]}}],"collection":[{"href":"https:\/\/elpregonerodezamora.com\/index.php\/wp-json\/wp\/v2\/posts"}],"about":[{"href":"https:\/\/elpregonerodezamora.com\/index.php\/wp-json\/wp\/v2\/types\/post"}],"author":[{"embeddable":true,"href":"https:\/\/elpregonerodezamora.com\/index.php\/wp-json\/wp\/v2\/users\/2"}],"replies":[{"embeddable":true,"href":"https:\/\/elpregonerodezamora.com\/index.php\/wp-json\/wp\/v2\/comments?post=20964"}],"version-history":[{"count":1,"href":"https:\/\/elpregonerodezamora.com\/index.php\/wp-json\/wp\/v2\/posts\/20964\/revisions"}],"predecessor-version":[{"id":20966,"href":"https:\/\/elpregonerodezamora.com\/index.php\/wp-json\/wp\/v2\/posts\/20964\/revisions\/20966"}],"wp:featuredmedia":[{"embeddable":true,"href":"https:\/\/elpregonerodezamora.com\/index.php\/wp-json\/wp\/v2\/media\/20965"}],"wp:attachment":[{"href":"https:\/\/elpregonerodezamora.com\/index.php\/wp-json\/wp\/v2\/media?parent=20964"}],"wp:term":[{"taxonomy":"category","embeddable":true,"href":"https:\/\/elpregonerodezamora.com\/index.php\/wp-json\/wp\/v2\/categories?post=20964"},{"taxonomy":"post_tag","embeddable":true,"href":"https:\/\/elpregonerodezamora.com\/index.php\/wp-json\/wp\/v2\/tags?post=20964"}],"curies":[{"name":"wp","href":"https:\/\/api.w.org\/{rel}","templated":true}]}}