{"id":20905,"date":"2025-06-04T19:17:50","date_gmt":"2025-06-04T19:17:50","guid":{"rendered":"https:\/\/elpregonerodezamora.com\/?p=20905"},"modified":"2025-06-04T19:17:51","modified_gmt":"2025-06-04T19:17:51","slug":"en-marcha-programa-de-herbicidas-2025-en-tangancicuaro","status":"publish","type":"post","link":"https:\/\/elpregonerodezamora.com\/index.php\/2025\/06\/04\/en-marcha-programa-de-herbicidas-2025-en-tangancicuaro\/","title":{"rendered":"EN MARCHA &#8220;PROGRAMA DE HERBICIDAS 2025&#8221; EN TANGANC\u00cdCUARO"},"content":{"rendered":"\n<p><strong>Redacci\u00f3n \/ El Pregonero TV<\/strong><\/p>\n\n\n\n<p><strong>Tanganc\u00edcuaro, 3\/junio\/2025.- Para proteger los cultivos y eliminar la presencia de maleza, el Gobierno de <a href=\"https:\/\/www.facebook.com\/hashtag\/tanganc%C3%ADcuaro?__eep__=6&amp;__cft__[0]=AZUdVXGbQOG6hVL6A5TwGaFc94pKomBkKQYBlPsSQ059Yg9JC4kA3h7HDqQI33BlhS5hwwXQReSGQVe63LHESxu1x_eqeuDECxNxWsSe4zlu5Gak9CtIXnbHezuKCF6uqwMBLlFNUJwneyg2WofRM8fBV1Ez0cLuqVmrZKaSwe2A_re_S2bLUD4Jc2nFNAjaGFU&amp;__tn__=*NK-R\">#Tanganc\u00edcuaro<\/a> puso en marcha el &#8220;Programa de Herbicidas 2025&#8221;, los cuales son otorgados a bajo costo para los productores agr\u00edcolas, tanto de la cabecera como sus comunidades. Los interesados en acceder, pueden acudir a la Direcci\u00f3n de Apoyo Rural y Agroalimentario, de lunes a viernes en horario de 8 de la ma\u00f1ana a 3 de la tarde.<\/strong><\/p>\n\n\n\n<p><strong>Requisitos: copia del INE, comprobante de domicilio y constancia de ser productor.<\/strong><\/p>\n\n\n\n<p style=\"font-size:25px\"><a href=\"https:\/\/www.facebook.com\/hashtag\/municipioqueinspira?__eep__=6&amp;__cft__[0]=AZUdVXGbQOG6hVL6A5TwGaFc94pKomBkKQYBlPsSQ059Yg9JC4kA3h7HDqQI33BlhS5hwwXQReSGQVe63LHESxu1x_eqeuDECxNxWsSe4zlu5Gak9CtIXnbHezuKCF6uqwMBLlFNUJwneyg2WofRM8fBV1Ez0cLuqVmrZKaSwe2A_re_S2bLUD4Jc2nFNAjaGFU&amp;__tn__=*NK-R\"><strong>#MunicipioQueInspira<\/strong><\/a><\/p>\n","protected":false},"excerpt":{"rendered":"<p>Redacci\u00f3n \/ El Pregonero TV Tanganc\u00edcuaro, 3\/junio\/2025.- Para proteger los cultivos y eliminar la presencia de maleza, el Gobierno de #Tanganc\u00edcuaro puso en marcha el &#8220;Programa de Herbicidas 2025&#8221;, los cuales son otorgados a bajo costo para los productores agr\u00edcolas, tanto de la cabecera como sus comunidades. Los interesados en acceder, pueden acudir a la [&hellip;]<\/p>\n","protected":false},"author":2,"featured_media":20906,"comment_status":"open","ping_status":"open","sticky":false,"template":"","format":"standard","meta":{"footnotes":"","_rishi_post_view_count":631},"categories":[30],"tags":[],"class_list":["post-20905","post","type-post","status-publish","format-standard","has-post-thumbnail","hentry","category-tangancicuaro"],"comments_count":"0","_links":{"self":[{"href":"https:\/\/elpregonerodezamora.com\/index.php\/wp-json\/wp\/v2\/posts\/20905","targetHints":{"allow":["GET"]}}],"collection":[{"href":"https:\/\/elpregonerodezamora.com\/index.php\/wp-json\/wp\/v2\/posts"}],"about":[{"href":"https:\/\/elpregonerodezamora.com\/index.php\/wp-json\/wp\/v2\/types\/post"}],"author":[{"embeddable":true,"href":"https:\/\/elpregonerodezamora.com\/index.php\/wp-json\/wp\/v2\/users\/2"}],"replies":[{"embeddable":true,"href":"https:\/\/elpregonerodezamora.com\/index.php\/wp-json\/wp\/v2\/comments?post=20905"}],"version-history":[{"count":1,"href":"https:\/\/elpregonerodezamora.com\/index.php\/wp-json\/wp\/v2\/posts\/20905\/revisions"}],"predecessor-version":[{"id":20907,"href":"https:\/\/elpregonerodezamora.com\/index.php\/wp-json\/wp\/v2\/posts\/20905\/revisions\/20907"}],"wp:featuredmedia":[{"embeddable":true,"href":"https:\/\/elpregonerodezamora.com\/index.php\/wp-json\/wp\/v2\/media\/20906"}],"wp:attachment":[{"href":"https:\/\/elpregonerodezamora.com\/index.php\/wp-json\/wp\/v2\/media?parent=20905"}],"wp:term":[{"taxonomy":"category","embeddable":true,"href":"https:\/\/elpregonerodezamora.com\/index.php\/wp-json\/wp\/v2\/categories?post=20905"},{"taxonomy":"post_tag","embeddable":true,"href":"https:\/\/elpregonerodezamora.com\/index.php\/wp-json\/wp\/v2\/tags?post=20905"}],"curies":[{"name":"wp","href":"https:\/\/api.w.org\/{rel}","templated":true}]}}