{"id":20789,"date":"2025-05-12T19:48:56","date_gmt":"2025-05-12T19:48:56","guid":{"rendered":"https:\/\/elpregonerodezamora.com\/?p=20789"},"modified":"2025-05-12T19:48:57","modified_gmt":"2025-05-12T19:48:57","slug":"entre-la-guerra-y-las-barreras-comerciales","status":"publish","type":"post","link":"https:\/\/elpregonerodezamora.com\/index.php\/2025\/05\/12\/entre-la-guerra-y-las-barreras-comerciales\/","title":{"rendered":"ENTRE LA GUERRA Y LAS BARRERAS COMERCIALES\u2026"},"content":{"rendered":"\n<p>LA ECONOM\u00cdA Y USTED<\/p>\n\n\n\n<p>Eliseo Castillo<\/p>\n\n\n\n<p><\/p>\n\n\n\n<pre class=\"wp-block-code\"><code>     TU AMIGO HOY TE NOMBRA\n                                                   \"Entre las palabras y deseos, algunas te buscan, \/ el cerebro se rebela, figuras tenues brotan, \/ tiempo de decirte amiga, decir tu nombre, \/ entre las sombras que los a\u00f1os no borran \/ mis labios te pronuncian, mis brazos te esperan, \/ tiempo de nombrarte amiga, como ayer, \/ como hoy, a cualquier hora. \/ Decirte amiga, que est\u00e1s en mi, y en nada sobras\"... el\u00edseo<\/code><\/pre>\n\n\n\n<p>Mientras el Papa Le\u00f3n XIV estrena su mando como jefe de Estado Vaticano pidiendo lo que parece casi imposible, detener la Tercera Guerra Mundial que se va manifestando con choques en diferentes regiones; el gobierno de Trump, ante lo poco efectivo que le result\u00f3 su guerra de aranceles; donde los que est\u00e1n m\u00e1s molestos son sus electores, quienes al parecer cada vez m\u00e1s se decepcionan de su clasismo y supremacismo.<\/p>\n\n\n\n<p>Ahora ha decidido que si no es con aranceles y amenazas de invasi\u00f3n a M\u00e9xico, que lograr\u00e1 domesticar al gobierno de M\u00e9xico, lo har\u00e1 mediante medidas fitosanitarias.<br>No es algo nuevo, ya lo han hecho en muchas ocasiones cuando quieren detener el flujo de un producto que est\u00e1 desplazando a la producci\u00f3n nacional; lo han hecho con el at\u00fan, con el tomate y jitomate, con el aguacate, y ahora lo hacen con las reses en pie que se les env\u00edan para su sacrificio en los Estados Unidos.<\/p>\n\n\n\n<p>No decimos que el ganado nacional est\u00e9 totalmente limpio; nunca los empresarios locales se han distinguido por ser muy pulcros que digamos; pero lo que tenemos frente a nosotros es una treta m\u00e1s del delincuente que gobierna desde la Casa Blanca; ante poco impacto de su castigo arancelario, y con la ca\u00edda de su popularidad busca dar golpes de escandalo que permitan recuperar el tan ansiado prestigio popular.<\/p>\n\n\n\n<p>Ahora las v\u00edctimas son las pobres reses destinadas al consumo humano, a las que se se\u00f1ala que contiene el gusano barrenador; que es simplemente ese gusano que se desarrolla cuando el animal tiene una peque\u00f1a herida, donde las moscas ponen sus huevecillos (en el campo les llamamos &#8220;queresas&#8221;) que se convierten en gusanos que se van a ir alimentando de la sangre y carne del animalito hasta que llegan a matarlo por la invasi\u00f3n masiva de gusanos.<\/p>\n\n\n\n<p>Pues con ese pretexto, la econom\u00eda nacional tiene otro problema por enfrentar y resolver; sabemos que son barreras pol\u00edticas disfrazadas de sanitarias; pero ante la relaci\u00f3n de poder tan desigual, y ante la incapacidad de Trump por mandar sobre el mundo de manera absoluta, como es su sue\u00f1o, al final estamos ante un nuevo caso de abuso de poder, dadas las ambiciones desproporcionadas del movimiento neonazi del que es la parte visible.<\/p>\n\n\n\n<p>Como se lo mencion\u00e9 un par de horas antes de que nombraran al nuevo Papa Le\u00f3n XIV; se hab\u00edan dado datos de que el ide\u00f3logo de este movimiento internacional supremacista Steve Bannon, fue visto muy activo en relaci\u00f3n al nombramiento del nuevo Papa; hoy aparece informaci\u00f3n de que se est\u00e1n usando las redes sociales (igual que los grupos del crimen) para captar y cooptar muchachos con inclinaciones supremacistas; nueva forma de atraer seguidores a su movimiento.<\/p>\n\n\n\n<p>Hoy las redes sociales se han convertido en lo que ya ve\u00edamos algunos, entre los que pudo citar al polit\u00f3logo italiano Giovani Sartori, quien dec\u00eda que le resultaba insultante trabajar una conferencia para un p\u00fablico interesado en el tema; mientras que un borracho desde cualquier taberna o lugar p\u00fablico donde se pudiera ver y escuchar la disertaci\u00f3n intelectual, al escuchar sus argumentos, dado su grado et\u00edlico simplemente se manifestara mentando la madre.<\/p>\n\n\n\n<p>Este es el problema de las redes sociales, que cualquier idiota sabotea a quien quiera ofrecer argumentos, con una mentada de madre; pero parece que para reclutar ingenuos y fan\u00e1ticos es un buen medio.<\/p>\n\n\n\n<p>El Papa se estrena pidiendo detener la Tercera Guerra Mundial, no tiene la fuerza para lograrlo; dif\u00edcilmente le escuchan; su origen norteamericano no le ayuda mucho, menos aun en tiempos de Trump y sus delirios imperiales.<\/p>\n\n\n\n<p>Pobre Papa, pobre mundo\u2026,<\/p>\n\n\n\n<p>\u00a1pobres vacas!<\/p>\n\n\n\n<p>Le abrazo.<\/p>\n\n\n\n<figure class=\"wp-block-embed\"><div class=\"wp-block-embed__wrapper\">\nhttps:\/\/elpregonerodezamora.com\n<\/div><\/figure>\n","protected":false},"excerpt":{"rendered":"<p>LA ECONOM\u00cdA Y USTED Eliseo Castillo Mientras el Papa Le\u00f3n XIV estrena su mando como jefe de Estado Vaticano pidiendo lo que parece casi imposible, detener la Tercera Guerra Mundial que se va manifestando con choques en diferentes regiones; el gobierno de Trump, ante lo poco efectivo que le result\u00f3 su guerra de aranceles; donde [&hellip;]<\/p>\n","protected":false},"author":2,"featured_media":20790,"comment_status":"open","ping_status":"open","sticky":false,"template":"","format":"standard","meta":{"footnotes":"","_rishi_post_view_count":429},"categories":[1],"tags":[],"class_list":["post-20789","post","type-post","status-publish","format-standard","has-post-thumbnail","hentry","category-opinion"],"comments_count":"0","_links":{"self":[{"href":"https:\/\/elpregonerodezamora.com\/index.php\/wp-json\/wp\/v2\/posts\/20789","targetHints":{"allow":["GET"]}}],"collection":[{"href":"https:\/\/elpregonerodezamora.com\/index.php\/wp-json\/wp\/v2\/posts"}],"about":[{"href":"https:\/\/elpregonerodezamora.com\/index.php\/wp-json\/wp\/v2\/types\/post"}],"author":[{"embeddable":true,"href":"https:\/\/elpregonerodezamora.com\/index.php\/wp-json\/wp\/v2\/users\/2"}],"replies":[{"embeddable":true,"href":"https:\/\/elpregonerodezamora.com\/index.php\/wp-json\/wp\/v2\/comments?post=20789"}],"version-history":[{"count":1,"href":"https:\/\/elpregonerodezamora.com\/index.php\/wp-json\/wp\/v2\/posts\/20789\/revisions"}],"predecessor-version":[{"id":20791,"href":"https:\/\/elpregonerodezamora.com\/index.php\/wp-json\/wp\/v2\/posts\/20789\/revisions\/20791"}],"wp:featuredmedia":[{"embeddable":true,"href":"https:\/\/elpregonerodezamora.com\/index.php\/wp-json\/wp\/v2\/media\/20790"}],"wp:attachment":[{"href":"https:\/\/elpregonerodezamora.com\/index.php\/wp-json\/wp\/v2\/media?parent=20789"}],"wp:term":[{"taxonomy":"category","embeddable":true,"href":"https:\/\/elpregonerodezamora.com\/index.php\/wp-json\/wp\/v2\/categories?post=20789"},{"taxonomy":"post_tag","embeddable":true,"href":"https:\/\/elpregonerodezamora.com\/index.php\/wp-json\/wp\/v2\/tags?post=20789"}],"curies":[{"name":"wp","href":"https:\/\/api.w.org\/{rel}","templated":true}]}}