{"id":20781,"date":"2025-05-09T19:18:42","date_gmt":"2025-05-09T19:18:42","guid":{"rendered":"https:\/\/elpregonerodezamora.com\/?p=20781"},"modified":"2025-05-09T19:18:42","modified_gmt":"2025-05-09T19:18:42","slug":"la-guerra-el-gran-negocio-del-mercado","status":"publish","type":"post","link":"https:\/\/elpregonerodezamora.com\/index.php\/2025\/05\/09\/la-guerra-el-gran-negocio-del-mercado\/","title":{"rendered":"LA GUERRA, EL GRAN NEGOCIO DEL MERCADO&#8230;"},"content":{"rendered":"\n<p style=\"font-size:35px\"><strong>LA ECONOM\u00cdA Y USTED&#8230;<\/strong><\/p>\n\n\n\n<p><strong>Eliseo Castillo<\/strong><\/p>\n\n\n\n<p><\/p>\n\n\n\n<p>                                                        <strong>DEL RECUERDO<\/strong><\/p>\n\n\n\n<p class=\"has-text-align-right\"><strong><em>&#8220;Guardo con el celo del momento, \/ algunas cosas que dejaron huella y se\u00f1as, \/ sonrisas espontaneas las asaltan y nombran, \/ complicidades casi insanas las delatan y denuncian, \/ son de aquellos tiempos prendas que se extra\u00f1an, \/ a\u00f1os de infancia lejana, vida que se gasta, \/ buenos y malos, recuerdos idos; \/ todo lo guardo, los gastar\u00e9 ma\u00f1ana&#8221;&#8230;el\u00edseo<\/em><\/strong><\/p>\n\n\n\n<p><strong>Mientras la expectativa y distracci\u00f3n del esperado humo blanco anunciando la esperada frase de &#8220;habemus Papa&#8221; es la noticia para el mundo occidental cat\u00f3lico; en diversas regiones se repite la historia que se vivi\u00f3 hace 90 a\u00f1os con el ascenso del nacismo y la consecuente Segunda Gran guerra.<\/strong><\/p>\n\n\n\n<p><strong>Con la llegada al poder del partido Nacional Socialista Alem\u00e1n, Adolfo Hitler aprovech\u00f3 los diversos conflictos internacionales para elaborar su plan b\u00e9lico; la propuesta era muy simple; establecerse como el emperador del mundo.<\/strong><\/p>\n\n\n\n<p><strong>Hoy, con la llegada de Trump nuevamente al poder se repite la historia; Rusia ayuda mucho invadiendo Ucrania; Israel prometiendo expulsar a cuanto palestino siga vivo en su tierra, para entreg\u00e1rsela limpia de &#8220;gente fea&#8221; al delincuente que gobierna desde la Casa Blanca; quien ha decidido; como lo decidi\u00f3 Hitler en los a\u00f1os 30 del siglo pasado, que sus vecinos pueden ser una molestia, y seguramente que es mejor anex\u00e1rselos; el alem\u00e1n invadi\u00f3 Polonia, Checoslovaquia y Francia; el delincuente del peluquin amenaza cada d\u00eda a M\u00e9xico, Canad\u00e1 y Groenlandia; al juzgar que es su zona de seguridad geoestrat\u00e9gica; la amenaza lanzada en la propia cara del primer ministro canadiense, quien en su reuni\u00f3n de esta semana le aclar\u00f3 que Canad\u00e1 no est\u00e1 ni estar\u00e1 en venta jam\u00e1s; mientras que, con el descaro del delincuente reincidente y c\u00ednico, Trump tuvo el descaro de sentenciar en todo de amenaza&#8230; &#8220;nunca digas nunca&#8221;.<\/strong><\/p>\n\n\n\n<p><strong>Esta amenaza sentencia la realiza casi simult\u00e1neamente que se le ocurre mandarle una nueva amenaza a la presidenta Claudia, al acusarla de cobarde que no puede ni caminar de miedo ante los carteles de la droga&#8230;; forma burda de preparar una justificaci\u00f3n para una posible futura invasi\u00f3n.<\/strong><\/p>\n\n\n\n<p><strong><em>No ser\u00eda algo nuevo; ya han invadido a M\u00e9xico tres veces y se han llevado un poco m\u00e1s de la mitad del territorio nacional.<\/em><\/strong><\/p>\n\n\n\n<p><strong>Pero como a un loco se le puede creer o no de inmediato, pero siempre se recomienda estar alerta por sus acciones impredecibles; Rusia se adelanta y establece nuevos convenios con el otro gigante comercial y b\u00e9lico; con China firma un nuevo acuerdo de apoyo, am\u00e9n de que fortalece los que ya tiene con varios gobiernos relativamente fr\u00e1giles de diversas regiones de \u00c1frica y Am\u00e9rica Latina.<\/strong><\/p>\n\n\n\n<p><strong><em>Si se va a jugar a las locuras, cada loco busca aliarse con otros \u00eddem para la hora de destruir cuanto est\u00e9 a su alcance.<\/em><\/strong><\/p>\n\n\n\n<p><strong>De manera casi absurda, pero no tiene nada de absurdo en realidad, La India ataca a Pakist\u00e1n con el pretexto de su disputa por una regi\u00f3n que se pelean desde hace d\u00e9cadas; es tan pobre esta regi\u00f3n (Cachemira) que resulta casi absurdo la pelea; pero cuando se tiene otros intereses, el pretexto se usa.<\/strong><\/p>\n\n\n\n<p><strong>El problema es que tanto La India como Pakist\u00e1n son gobiernos con armas nucleares y mucho odio entre s\u00ed; recordemos que eran en realidad una sola regi\u00f3n dominada por el imperio ingl\u00e9s; hasta que en los a\u00f1os 40 del siglo pasado Gandhi y su lucha pacifica los desplaz\u00f3, quedando el pa\u00eds partido en dos; as\u00ed se establecen India y Pakist\u00e1n, separados fundamentalmente por la religi\u00f3n; el hinduismo y el mundo musulm\u00e1n.<\/strong><\/p>\n\n\n\n<p><strong><em>Hoy est\u00e1n a punto de desatar una guerra peligrosamente nuclear; de momento est\u00e1n &#8220;jugando&#8221; la cl\u00e1sica relaci\u00f3n de fuerzas con los misiles; quiz\u00e1 ma\u00f1ana&#8230;; \u00a1as\u00ed se inician las grandes guerras!<\/em><\/strong><\/p>\n\n\n\n<p><strong>Por fin ayer, tanto en noticiarios serios como los de la televisi\u00f3n p\u00fablica nacional y el noticiario France24 se ha comentado lo que le he planteado en este espacio&#8230;; el ide\u00f3logo filos\u00f3fico del liberalismo extremo neonazi Steve Bannon est\u00e1 metido influyendo en la selecci\u00f3n del nuevo Papa; parece que al movimiento internacional supremacista se le ha metido en la cabeza, desde su dominantemente pensamiento evang\u00e9lico, tratar de dominar la iglesia cat\u00f3lica; por lo que se han dedicado a organizar y negociar (compra pol\u00edtica muy com\u00fan en la guerra diplom\u00e1tica) los votos necesarios para imponer un Papa que responda a sus intereses de grupo pol\u00edtico; obviamente este Papa debe ser lo contrario al Papa m\u00e1s odiado por el conservadurismo, el Papa Francisco.<\/strong><\/p>\n\n\n\n<p><strong>Dentro de la idea del Papa que se busca es que debe ser parecido a su antiguo aliado el Papa polaco, Juan Pablo II; no olvidemos que este es visto como un h\u00e9roe dentro del mercado capitalista; pues se le atribuye gran parte de su triunfo contra la Uni\u00f3n Sovi\u00e9tica; incluso con bombos se presume la pel\u00edcula que se hizo sobre el tema.<\/strong><\/p>\n\n\n\n<p><strong>La foto que subi\u00f3 Trump, el presidente delincuente disfrazado de Papa no fue para nada algo ocurrente; fue un momento de su locura de poder en que no pudo ocultar su infinito desprecio por los dem\u00e1s; fue una demostraci\u00f3n de un loco con poder, que se atribuye el derecho de gobernar el mercado mundial de la guerra y las ideas.<\/strong><\/p>\n\n\n\n<p><strong>Hace 90 a\u00f1os Hitler hac\u00eda cosas parecidas, s\u00f3lo que entre loco y loco median asesores mas o menos perversos; y entre tiempo y tiempo, hay m\u00e1s o menos armas letales. Las de hoy, lo dijo Putin, pueden terminar con la vida humana en unos minutos&#8230;<\/strong><\/p>\n\n\n\n<p><strong>Esta es la desdicha de hoy; el mundo en manos de una pandilla de locos; mientras el resto el la humanidad juega a tratar de hacerse su d\u00eda, con un empleo, un salario, una vida casi an\u00f3nima; pero siempre, enterados o no, dependiendo de una pandilla de locos que sin avisarnos deciden nuestra futuro y el de la viabilidad de la vida humana.<\/strong><\/p>\n\n\n\n<p><strong>Desde que el ser humano se descubri\u00f3 tremendamente vulnerable ante la naturaleza, se la ha pasado buscando una explicaci\u00f3n frente a los fen\u00f3menos naturales que le rebasan; siempre busca un Dios para culparle de sus males, y justificar sus fracasos y sus miedos; de esto se alimentan estos locos que juegan a la guerra desde la ma\u00f1ana hasta la noche; usan el mercado de la guerra como su negocio de grupo y personal, pero sobre todo&#8230;<\/strong><\/p>\n\n\n\n<p><strong><em>\u00a1Juegan a ser Dios&#8230;; ese Dios que tanto se busca y se nombra!<\/em><\/strong><\/p>\n\n\n\n<p style=\"font-size:25px\"><strong>Le abrazo&#8230;<\/strong><\/p>\n\n\n\n<p><a href=\"https:\/\/www.facebook.com\/photo\/?fbid=979387504363082&amp;set=a.370963018538870&amp;__cft__[0]=AZVW6ZH8v7KXlGAN6kObE9pBbDHMfQe7vFSf_gVNKoZyaLtFOK254iwCBZVqKNDiwOcxi300VurYZukfoQboRJ4gsBKQsGlrBkkZzvBE0WSCPrXbxLd0kycLIjv0n_NheLQrjbJLTIN51Fg0CrdFrnGxMXCcw81oylodEU2Qh1yhsidyvwBKqWHz33KpduqtfqA&amp;__tn__=EH-R\"><\/a><\/p>\n","protected":false},"excerpt":{"rendered":"<p>LA ECONOM\u00cdA Y USTED&#8230; Eliseo Castillo DEL RECUERDO &#8220;Guardo con el celo del momento, \/ algunas cosas que dejaron huella y se\u00f1as, \/ sonrisas espontaneas las asaltan y nombran, \/ complicidades casi insanas las delatan y denuncian, \/ son de aquellos tiempos prendas que se extra\u00f1an, \/ a\u00f1os de infancia lejana, vida que se gasta, [&hellip;]<\/p>\n","protected":false},"author":2,"featured_media":20782,"comment_status":"open","ping_status":"open","sticky":false,"template":"","format":"standard","meta":{"footnotes":"","_rishi_post_view_count":411},"categories":[1],"tags":[],"class_list":["post-20781","post","type-post","status-publish","format-standard","has-post-thumbnail","hentry","category-opinion"],"comments_count":"0","_links":{"self":[{"href":"https:\/\/elpregonerodezamora.com\/index.php\/wp-json\/wp\/v2\/posts\/20781","targetHints":{"allow":["GET"]}}],"collection":[{"href":"https:\/\/elpregonerodezamora.com\/index.php\/wp-json\/wp\/v2\/posts"}],"about":[{"href":"https:\/\/elpregonerodezamora.com\/index.php\/wp-json\/wp\/v2\/types\/post"}],"author":[{"embeddable":true,"href":"https:\/\/elpregonerodezamora.com\/index.php\/wp-json\/wp\/v2\/users\/2"}],"replies":[{"embeddable":true,"href":"https:\/\/elpregonerodezamora.com\/index.php\/wp-json\/wp\/v2\/comments?post=20781"}],"version-history":[{"count":1,"href":"https:\/\/elpregonerodezamora.com\/index.php\/wp-json\/wp\/v2\/posts\/20781\/revisions"}],"predecessor-version":[{"id":20783,"href":"https:\/\/elpregonerodezamora.com\/index.php\/wp-json\/wp\/v2\/posts\/20781\/revisions\/20783"}],"wp:featuredmedia":[{"embeddable":true,"href":"https:\/\/elpregonerodezamora.com\/index.php\/wp-json\/wp\/v2\/media\/20782"}],"wp:attachment":[{"href":"https:\/\/elpregonerodezamora.com\/index.php\/wp-json\/wp\/v2\/media?parent=20781"}],"wp:term":[{"taxonomy":"category","embeddable":true,"href":"https:\/\/elpregonerodezamora.com\/index.php\/wp-json\/wp\/v2\/categories?post=20781"},{"taxonomy":"post_tag","embeddable":true,"href":"https:\/\/elpregonerodezamora.com\/index.php\/wp-json\/wp\/v2\/tags?post=20781"}],"curies":[{"name":"wp","href":"https:\/\/api.w.org\/{rel}","templated":true}]}}